                       {"id":13823,"date":"2020-03-12T17:37:15","date_gmt":"2020-03-12T23:37:15","guid":{"rendered":"http:\/\/laultimapalabra.info\/?p=13823"},"modified":"2024-12-11T10:01:03","modified_gmt":"2024-12-11T16:01:03","slug":"usted-tiene-la-ultima-palabra-101","status":"publish","type":"post","link":"https:\/\/laultimapalabra.com.mx\/portal\/usted-tiene-la-ultima-palabra-101\/","title":{"rendered":"Usted tiene&#8230;La \u00daltima Palabra"},"content":{"rendered":"<p style=\"text-align: justify;\"><strong><img loading=\"lazy\" decoding=\"async\" class=\"size-medium wp-image-390 alignleft\" src=\"https:\/\/laultimapalabra.com.mx\/portal\/wp-content\/uploads\/2018\/02\/28169846_1705449459476714_78449556_o-203x300.jpg\" alt=\"\" width=\"203\" height=\"300\" \/>Coronavirus<\/strong><\/p>\n<p style=\"text-align: justify;\">Por: Ing. Jes\u00fas Herrera Rabago<\/p>\n<p style=\"text-align: justify;\">Hay un refr\u00e1n muy conocido que retrata muy bien el principio de no irse a los extremos, y el cual los mexicanos utilizamos mucho: \u201cNi tanto que queme al santo, ni tanto que no lo alumbre\u201d. Este proverbio naci\u00f3 de la misma vida diaria, pues hace algunos a\u00f1os era muy fuerte la costumbre de poner veladoras a las im\u00e1genes de los santos en las Iglesias, cuesti\u00f3n que todav\u00eda se sigue pero con m\u00e1s moderaci\u00f3n, de tal forma que en algunas ocasiones quedaban tan cerca del santo, que la flama pod\u00eda llegar a la imagen y quemarla, de ah\u00ed que se pidiera no ponerla tan cerca, pero a la vez no tan lejos que no iluminara la imagen.<br \/>\nEn el 2009, surgi\u00f3 en M\u00e9xico la epidemia por la Influenza H1N1, si recuerdan el Gobierno de Felipe Calder\u00f3n, el 23 de abril de ese a\u00f1o, orden\u00f3 acciones como la suspensi\u00f3n de clases en todo el territorio nacional, la cancelaci\u00f3n de actividades en sitios p\u00fablicos; lo mismo hizo el entonces jefe de Gobierno del Distrito Federal, Marcelo Ebrad, que ped\u00eda a las personas quedarse en sus casas y sugiri\u00f3 el cierre de restaurantes.<br \/>\nLas escuelas permanecieron as\u00ed hasta el 11 de mayo, la ca\u00edda del Producto Interno Bruto del pa\u00eds fue alrededor de 57,000 millones de pesos lo que equival\u00eda a un 0.7% del Producto Interno Bruto.<br \/>\nPasada la tempestad, y luego de que lleg\u00f3 la calma, se acus\u00f3 al Gobierno Caldenorista, especialmente al Secretario de Salud, Jos\u00e9 \u00c1ngel C\u00f3rdova, de haber sido alarmista y crear una crisis de p\u00e1nico en el pueblo mexicano.<br \/>\nEn este a\u00f1o aparece el Covid 19, mejor conocido como el coronavirus en China, el cual era inevitable se propagara por muchos pa\u00edses, y siendo M\u00e9xico un pa\u00eds con mucho visitante extranjero, o con mexicanos que viajan a otros lados, es l\u00f3gico que ya lleg\u00f3 a nuestro pa\u00eds, inclusive esta semana se anunci\u00f3 oficialmente el primer caso en Monterrey.<br \/>\nDesgraciadamente como nos sucedi\u00f3 aquella experiencia que juzgamos exagerada de la influenza H1N1, ahora nos estamos yendo al otro extremo, donde, a mi parecer, no se est\u00e1n tomando las medidas necesarias, o existe una visi\u00f3n relajada. Estoy de acuerdo que no se debe caer en el p\u00e1nico, pero no creo conveniente tomar la actitud de no darle importancia.<br \/>\nSi pa\u00edses poderosos econ\u00f3micamente y con sistemas de salud avanzados est\u00e1n tomando medidas muy serias por lo r\u00e1pido que se ha extendido lo que hoy ya es catalogada como pandemia. As\u00ed lo vemos en la suspensi\u00f3n de torneos deportivos, eventos masivos que se han realizado a puerta cerrada.<br \/>\nAs\u00ed las cosas, como dice el chiste de aquellos compadres que fueron a comer y al llegar la cuenta, uno de ellos saca la cartera, y muy amablemente le contesta el otro: \u201cNo se me adelante compadre\u201d, ante lo cual guard\u00f3 su cartera pensando que lo iban a invitar; despu\u00e9s de un momento, le revira el compadre: \u201cPero tampoco se me atrase compadre\u201d. Por bien de todos, las autoridades y los ciudadanos no debemos alarmarnos y adelantarnos, pero tampoco atrasarnos, menospreciar y tomar a la ligera esta pandemia mundial.<br \/>\nEsta es mi opini\u00f3n, usted tiene La \u00daltima Palabra.<\/p>\n","protected":false},"excerpt":{"rendered":"<p>Coronavirus Por: Ing. Jes\u00fas Herrera Rabago Hay un refr\u00e1n muy conocido que retrata muy bien el principio de no irse a los extremos, y el cual los mexicanos utilizamos mucho: \u201cNi tanto que queme al santo, ni tanto que no lo alumbre\u201d. Este proverbio naci\u00f3 de la misma vida diaria, pues hace algunos a\u00f1os era [&hellip;]<\/p>\n","protected":false},"author":9,"featured_media":390,"comment_status":"open","ping_status":"closed","sticky":false,"template":"","format":"standard","meta":{"footnotes":""},"categories":[1],"tags":[1278],"class_list":["post-13823","post","type-post","status-publish","format-standard","has-post-thumbnail","hentry","category-noticias","tag-ing-jesus-herrera-rabago"],"_links":{"self":[{"href":"https:\/\/laultimapalabra.com.mx\/portal\/wp-json\/wp\/v2\/posts\/13823","targetHints":{"allow":["GET"]}}],"collection":[{"href":"https:\/\/laultimapalabra.com.mx\/portal\/wp-json\/wp\/v2\/posts"}],"about":[{"href":"https:\/\/laultimapalabra.com.mx\/portal\/wp-json\/wp\/v2\/types\/post"}],"author":[{"embeddable":true,"href":"https:\/\/laultimapalabra.com.mx\/portal\/wp-json\/wp\/v2\/users\/9"}],"replies":[{"embeddable":true,"href":"https:\/\/laultimapalabra.com.mx\/portal\/wp-json\/wp\/v2\/comments?post=13823"}],"version-history":[{"count":1,"href":"https:\/\/laultimapalabra.com.mx\/portal\/wp-json\/wp\/v2\/posts\/13823\/revisions"}],"predecessor-version":[{"id":70181,"href":"https:\/\/laultimapalabra.com.mx\/portal\/wp-json\/wp\/v2\/posts\/13823\/revisions\/70181"}],"wp:featuredmedia":[{"embeddable":true,"href":"https:\/\/laultimapalabra.com.mx\/portal\/wp-json\/"}],"wp:attachment":[{"href":"https:\/\/laultimapalabra.com.mx\/portal\/wp-json\/wp\/v2\/media?parent=13823"}],"wp:term":[{"taxonomy":"category","embeddable":true,"href":"https:\/\/laultimapalabra.com.mx\/portal\/wp-json\/wp\/v2\/categories?post=13823"},{"taxonomy":"post_tag","embeddable":true,"href":"https:\/\/laultimapalabra.com.mx\/portal\/wp-json\/wp\/v2\/tags?post=13823"}],"curies":[{"name":"wp","href":"https:\/\/api.w.org\/{rel}","templated":true}]}}