                       {"id":13876,"date":"2020-03-17T20:57:19","date_gmt":"2020-03-18T02:57:19","guid":{"rendered":"http:\/\/laultimapalabra.info\/?p=13876"},"modified":"2024-12-11T10:01:03","modified_gmt":"2024-12-11T16:01:03","slug":"gana-joven-jimenense-pelea-internacional-de-box","status":"publish","type":"post","link":"https:\/\/laultimapalabra.com.mx\/portal\/gana-joven-jimenense-pelea-internacional-de-box\/","title":{"rendered":"Gana joven jimenense pelea internacional de box"},"content":{"rendered":"<div class=\"\" data-block=\"true\" data-editor=\"dij1r\" data-offset-key=\"3nujq-0-0\">\n<div class=\"_1mf _1mj\" style=\"text-align: justify;\" data-offset-key=\"3nujq-0-0\"><span style=\"font-size: 1rem;\"><img loading=\"lazy\" decoding=\"async\" class=\"size-medium wp-image-13872 alignleft\" src=\"https:\/\/laultimapalabra.com.mx\/portal\/wp-content\/uploads\/2020\/03\/WhatsApp-Image-2020-03-17-at-1.54.54-PM-300x225.jpeg\" alt=\"\" width=\"300\" height=\"225\" \/>Cadereyt Jim\u00e9nez, N. L.-<\/span><\/div>\n<\/div>\n<div class=\"\" style=\"text-align: justify;\" data-block=\"true\" data-editor=\"dij1r\" data-offset-key=\"dd1k7-0-0\">\n<div class=\"_1mf _1mj\" data-offset-key=\"dd1k7-0-0\"><span data-offset-key=\"dd1k7-0-0\">Cada vez son m\u00e1s los j\u00f3venes jimenenses que destacan en diversos \u00e1mbitos, ya sea cultura, arte, deporte y espect\u00e1culos.<\/span><\/div>\n<\/div>\n<div class=\"\" style=\"text-align: justify;\" data-block=\"true\" data-editor=\"dij1r\" data-offset-key=\"5p31a-0-0\">\n<div class=\"_1mf _1mj\" data-offset-key=\"5p31a-0-0\"><span data-offset-key=\"5p31a-0-0\">Y este fin de semana, el pasado 13 de marzo para ser exactos, un joven de 21 a\u00f1os de edad se convirti\u00f3 en vencedor dentro de una pelea internacional de boxeo en la arena Jos\u00e9 Sulaiman, venciendo en el segundo de cuatro rounds pactados para este encuentro.<\/span><\/div>\n<\/div>\n<div class=\"\" style=\"text-align: justify;\" data-block=\"true\" data-editor=\"dij1r\" data-offset-key=\"374he-0-0\">\n<div class=\"_1mf _1mj\" data-offset-key=\"374he-0-0\"><span data-offset-key=\"374he-0-0\">Joven talento de este municipio, Edwin &#8220;El Casqui&#8221; Salinas Barrientos, es peleador profesional y entrena en el gimnasio El Palenque, y se desenvuelve en la categor\u00eda Walter de 67 kilos.<\/span><\/div>\n<\/div>\n<div class=\"\" style=\"text-align: justify;\" data-block=\"true\" data-editor=\"dij1r\" data-offset-key=\"5n12a-0-0\">\n<div class=\"_1mf _1mj\" data-offset-key=\"5n12a-0-0\"><span data-offset-key=\"5n12a-0-0\">Venci\u00f3 al nicarag\u00fcense Alexis &#8220;El Mach\u00edn&#8221; Acosta, <\/span><\/div>\n<\/div>\n<div class=\"\" style=\"text-align: justify;\" data-block=\"true\" data-editor=\"dij1r\" data-offset-key=\"1esfa-0-0\"><\/div>\n","protected":false},"excerpt":{"rendered":"<p>Cadereyt Jim\u00e9nez, N. L.- Cada vez son m\u00e1s los j\u00f3venes jimenenses que destacan en diversos \u00e1mbitos, ya sea cultura, arte, deporte y espect\u00e1culos. Y este fin de semana, el pasado 13 de marzo para ser exactos, un joven de 21 a\u00f1os de edad se convirti\u00f3 en vencedor dentro de una pelea internacional de boxeo en [&hellip;]<\/p>\n","protected":false},"author":9,"featured_media":13871,"comment_status":"open","ping_status":"closed","sticky":false,"template":"","format":"standard","meta":{"footnotes":""},"categories":[1],"tags":[317],"class_list":["post-13876","post","type-post","status-publish","format-standard","has-post-thumbnail","hentry","category-noticias","tag-box-cadereyta"],"_links":{"self":[{"href":"https:\/\/laultimapalabra.com.mx\/portal\/wp-json\/wp\/v2\/posts\/13876","targetHints":{"allow":["GET"]}}],"collection":[{"href":"https:\/\/laultimapalabra.com.mx\/portal\/wp-json\/wp\/v2\/posts"}],"about":[{"href":"https:\/\/laultimapalabra.com.mx\/portal\/wp-json\/wp\/v2\/types\/post"}],"author":[{"embeddable":true,"href":"https:\/\/laultimapalabra.com.mx\/portal\/wp-json\/wp\/v2\/users\/9"}],"replies":[{"embeddable":true,"href":"https:\/\/laultimapalabra.com.mx\/portal\/wp-json\/wp\/v2\/comments?post=13876"}],"version-history":[{"count":1,"href":"https:\/\/laultimapalabra.com.mx\/portal\/wp-json\/wp\/v2\/posts\/13876\/revisions"}],"predecessor-version":[{"id":70205,"href":"https:\/\/laultimapalabra.com.mx\/portal\/wp-json\/wp\/v2\/posts\/13876\/revisions\/70205"}],"wp:featuredmedia":[{"embeddable":true,"href":"https:\/\/laultimapalabra.com.mx\/portal\/wp-json\/"}],"wp:attachment":[{"href":"https:\/\/laultimapalabra.com.mx\/portal\/wp-json\/wp\/v2\/media?parent=13876"}],"wp:term":[{"taxonomy":"category","embeddable":true,"href":"https:\/\/laultimapalabra.com.mx\/portal\/wp-json\/wp\/v2\/categories?post=13876"},{"taxonomy":"post_tag","embeddable":true,"href":"https:\/\/laultimapalabra.com.mx\/portal\/wp-json\/wp\/v2\/tags?post=13876"}],"curies":[{"name":"wp","href":"https:\/\/api.w.org\/{rel}","templated":true}]}}