                       {"id":139,"date":"2018-02-01T22:10:06","date_gmt":"2018-02-01T22:10:06","guid":{"rendered":"http:\/\/laultimapalabra.info\/?p=139"},"modified":"2024-12-11T08:36:54","modified_gmt":"2024-12-11T14:36:54","slug":"abarrotan-ine","status":"publish","type":"post","link":"https:\/\/laultimapalabra.com.mx\/portal\/abarrotan-ine\/","title":{"rendered":"Abarrotan INE"},"content":{"rendered":"<p style=\"text-align: justify;\"><img loading=\"lazy\" decoding=\"async\" class=\"size-medium wp-image-176 alignleft\" src=\"https:\/\/laultimapalabra.com.mx\/portal\/wp-content\/uploads\/2018\/02\/2cb89088-4905-4c18-950e-527af785ac05-300x169.jpg\" alt=\"\" width=\"300\" height=\"169\" \/>Tramitan de \u00faltima hora su credencial para votar<\/p>\n<p style=\"text-align: justify;\">Miguel Oscar P\u00e9rez<\/p>\n<p style=\"text-align: justify;\">CD. BENITO JU\u00c1REZ, N.L.-\u00a0Desde hace unas semanas, largas filas de ciudadanos tramitando su credencial de elector se vieron en la oficina Distrital ejecutiva del Instituto nacional de Electores.<\/p>\n<p style=\"text-align: justify;\">Los d\u00edas 30 y 31 de enero se vieron muy marcados por la afluencia de habitantes de Ju\u00e1rez y Cadereyta para tramitar su credencial de elector para votar ante la llegada de la suspensi\u00f3n de este servicio el jueves primero de febrero del actual.<\/p>\n<p style=\"text-align: justify;\">Las mesas de tr\u00e1mite se vieron saturadas y se tuvo que incrementar el n\u00famero de personal de apoyo para poder abatir las largas filas que llegaba hasta la plaza francesa del SunMall VIP, como nunca se hab\u00eda visto en las flamantes oficinas inauguradas este a\u00f1o.<\/p>\n<p style=\"text-align: justify;\">Otra mesa de control del INE se puso en el c\u00edrculo que forma el Lobby donde se encuentran las oficinas y las taquillas de un cine contiguo.<\/p>\n<p style=\"text-align: justify;\">Entre los solicitantes de la credencial pudo verse a muchos j\u00f3venes que estaban por cumplir o reci\u00e9n hab\u00edan cumplido los 18 a\u00f1os, ya que se les dio un tiempo anticipado para tramitar su credencial.<\/p>\n<p style=\"text-align: justify;\">Como cada tres a\u00f1os, se abarrotan las oficinas del INE, que hora tiene su oficina distrital en Ju\u00e1rez, al ser esta ciudad ahora cabecera del Distrito Federal 12.<\/p>\n","protected":false},"excerpt":{"rendered":"<p>Tramitan de \u00faltima hora su credencial para votar Miguel Oscar P\u00e9rez CD. BENITO JU\u00c1REZ, N.L.-\u00a0Desde hace unas semanas, largas filas de ciudadanos tramitando su credencial de elector se vieron en la oficina Distrital ejecutiva del Instituto nacional de Electores. Los d\u00edas 30 y 31 de enero se vieron muy marcados por la afluencia de habitantes [&hellip;]<\/p>\n","protected":false},"author":9,"featured_media":176,"comment_status":"open","ping_status":"closed","sticky":false,"template":"","format":"standard","meta":{"footnotes":""},"categories":[18],"tags":[1269],"class_list":["post-139","post","type-post","status-publish","format-standard","has-post-thumbnail","hentry","category-locales-juarez","tag-ine"],"_links":{"self":[{"href":"https:\/\/laultimapalabra.com.mx\/portal\/wp-json\/wp\/v2\/posts\/139","targetHints":{"allow":["GET"]}}],"collection":[{"href":"https:\/\/laultimapalabra.com.mx\/portal\/wp-json\/wp\/v2\/posts"}],"about":[{"href":"https:\/\/laultimapalabra.com.mx\/portal\/wp-json\/wp\/v2\/types\/post"}],"author":[{"embeddable":true,"href":"https:\/\/laultimapalabra.com.mx\/portal\/wp-json\/wp\/v2\/users\/9"}],"replies":[{"embeddable":true,"href":"https:\/\/laultimapalabra.com.mx\/portal\/wp-json\/wp\/v2\/comments?post=139"}],"version-history":[{"count":1,"href":"https:\/\/laultimapalabra.com.mx\/portal\/wp-json\/wp\/v2\/posts\/139\/revisions"}],"predecessor-version":[{"id":63151,"href":"https:\/\/laultimapalabra.com.mx\/portal\/wp-json\/wp\/v2\/posts\/139\/revisions\/63151"}],"wp:featuredmedia":[{"embeddable":true,"href":"https:\/\/laultimapalabra.com.mx\/portal\/wp-json\/"}],"wp:attachment":[{"href":"https:\/\/laultimapalabra.com.mx\/portal\/wp-json\/wp\/v2\/media?parent=139"}],"wp:term":[{"taxonomy":"category","embeddable":true,"href":"https:\/\/laultimapalabra.com.mx\/portal\/wp-json\/wp\/v2\/categories?post=139"},{"taxonomy":"post_tag","embeddable":true,"href":"https:\/\/laultimapalabra.com.mx\/portal\/wp-json\/wp\/v2\/tags?post=139"}],"curies":[{"name":"wp","href":"https:\/\/api.w.org\/{rel}","templated":true}]}}