                       {"id":13977,"date":"2020-03-20T16:53:30","date_gmt":"2020-03-20T22:53:30","guid":{"rendered":"http:\/\/laultimapalabra.info\/?p=13977"},"modified":"2024-12-11T10:01:04","modified_gmt":"2024-12-11T16:01:04","slug":"someten-a-policias-de-juarez-a-filtros-de-salud-antes-de-laborar","status":"publish","type":"post","link":"https:\/\/laultimapalabra.com.mx\/portal\/someten-a-policias-de-juarez-a-filtros-de-salud-antes-de-laborar\/","title":{"rendered":"Someten a polic\u00edas de Juarez a filtros de salud antes de laborar"},"content":{"rendered":"<p style=\"text-align: justify;\"><img loading=\"lazy\" decoding=\"async\" class=\"size-medium wp-image-13979 alignleft\" src=\"https:\/\/laultimapalabra.com.mx\/portal\/wp-content\/uploads\/2020\/03\/90561323_2029435230523592_9188539495601930240_n-300x200.jpg\" alt=\"\" width=\"300\" height=\"200\" \/>Juarez, N. L. El Gobierno Municipal de Ju\u00e1rez, encabezado por el Alcalde Heriberto Trevi\u00f1o Cant\u00fa, a trav\u00e9s de la Secretar\u00eda de Salud Municipal contin\u00faa con los recorridos e instalaci\u00f3n de filtros de revisi\u00f3n m\u00e9dica ante la contingencia del COVID-19 para elementos de Seguridad P\u00fablica y trabajadores de Servicios P\u00fablicos.<br \/>\nLos efectivos y personal de limpia antes de salir a sus recorridos recibieron gel antibacterial, cubrebocas y uno a uno fueron pasando con los m\u00e9dicos quienes les tomaron la temperatura corporal con un term\u00f3metro infrarrojo y les hicieron las preguntas que marca el protocolo.<br \/>\nEstos cercos de seguridad continuar\u00e1n tambi\u00e9n en diferentes puntos de la ciudad con orientaci\u00f3n del tema y tambi\u00e9n revisando a los juarenses tal y como lo han estado haciendo desde hace ya varios d\u00edas.<br \/>\nPara finalizar se hace el llamado a la poblaci\u00f3n de Ju\u00e1rez que atienda las recomendaciones para prevenir el contagio y si presenta alg\u00fan s\u00edntoma favor de marcar al 22-61-87-08 y 80-00-04-48-00 y personal capacitado acudir\u00e1 hasta el domicilio para hacer la prueba correspondiente.<\/p>\n","protected":false},"excerpt":{"rendered":"<p>Juarez, N. L. El Gobierno Municipal de Ju\u00e1rez, encabezado por el Alcalde Heriberto Trevi\u00f1o Cant\u00fa, a trav\u00e9s de la Secretar\u00eda de Salud Municipal contin\u00faa con los recorridos e instalaci\u00f3n de filtros de revisi\u00f3n m\u00e9dica ante la contingencia del COVID-19 para elementos de Seguridad P\u00fablica y trabajadores de Servicios P\u00fablicos. Los efectivos y personal de limpia [&hellip;]<\/p>\n","protected":false},"author":9,"featured_media":13978,"comment_status":"open","ping_status":"closed","sticky":false,"template":"","format":"standard","meta":{"footnotes":""},"categories":[18,8,10],"tags":[2434,2433],"class_list":["post-13977","post","type-post","status-publish","format-standard","has-post-thumbnail","hentry","category-locales-juarez","category-seguridad","category-seguridad-juarez","tag-covid-19","tag-covid-19-juarez"],"_links":{"self":[{"href":"https:\/\/laultimapalabra.com.mx\/portal\/wp-json\/wp\/v2\/posts\/13977","targetHints":{"allow":["GET"]}}],"collection":[{"href":"https:\/\/laultimapalabra.com.mx\/portal\/wp-json\/wp\/v2\/posts"}],"about":[{"href":"https:\/\/laultimapalabra.com.mx\/portal\/wp-json\/wp\/v2\/types\/post"}],"author":[{"embeddable":true,"href":"https:\/\/laultimapalabra.com.mx\/portal\/wp-json\/wp\/v2\/users\/9"}],"replies":[{"embeddable":true,"href":"https:\/\/laultimapalabra.com.mx\/portal\/wp-json\/wp\/v2\/comments?post=13977"}],"version-history":[{"count":1,"href":"https:\/\/laultimapalabra.com.mx\/portal\/wp-json\/wp\/v2\/posts\/13977\/revisions"}],"predecessor-version":[{"id":70257,"href":"https:\/\/laultimapalabra.com.mx\/portal\/wp-json\/wp\/v2\/posts\/13977\/revisions\/70257"}],"wp:featuredmedia":[{"embeddable":true,"href":"https:\/\/laultimapalabra.com.mx\/portal\/wp-json\/"}],"wp:attachment":[{"href":"https:\/\/laultimapalabra.com.mx\/portal\/wp-json\/wp\/v2\/media?parent=13977"}],"wp:term":[{"taxonomy":"category","embeddable":true,"href":"https:\/\/laultimapalabra.com.mx\/portal\/wp-json\/wp\/v2\/categories?post=13977"},{"taxonomy":"post_tag","embeddable":true,"href":"https:\/\/laultimapalabra.com.mx\/portal\/wp-json\/wp\/v2\/tags?post=13977"}],"curies":[{"name":"wp","href":"https:\/\/api.w.org\/{rel}","templated":true}]}}