                       {"id":14026,"date":"2020-03-24T09:48:35","date_gmt":"2020-03-24T15:48:35","guid":{"rendered":"http:\/\/laultimapalabra.info\/?p=14026"},"modified":"2024-12-11T10:01:04","modified_gmt":"2024-12-11T16:01:04","slug":"mexico-entra-a-fase-2-por-covid-19","status":"publish","type":"post","link":"https:\/\/laultimapalabra.com.mx\/portal\/mexico-entra-a-fase-2-por-covid-19\/","title":{"rendered":"M\u00e9xico entra a fase 2 por COVID-19"},"content":{"rendered":"<p style=\"text-align: justify;\">El subsecretario de Prevenci\u00f3n y Promoci\u00f3n de la Salud, Hugo L\u00f3pez Gatell, explic\u00f3 que M\u00e9xico est\u00e1 atendiendo de forma adecuada el brote de coronavirus en el pa\u00eds.<\/p>\n<p style=\"text-align: justify;\"><img loading=\"lazy\" decoding=\"async\" class=\"size-medium wp-image-14027 alignleft\" src=\"https:\/\/laultimapalabra.com.mx\/portal\/wp-content\/uploads\/2020\/03\/amlo-covid_0-300x173.jpg\" alt=\"\" width=\"300\" height=\"173\" \/>CIUDAD DE M\u00c9XICO.- El subsecretario de Prevenci\u00f3n y Promoci\u00f3n de la Salud, Hugo L\u00f3pez-Gatell inform\u00f3 que M\u00e9xico entr\u00f3, oficialmente a la fase 2 de COVID-19, en la cual comenzar\u00e1n a registrarse casos de contagio sin haber tenido contacto directo con alguien que haya dado positivo a coronavirus.<\/p>\n<p style=\"text-align: justify;\">Durante la conferencia matutina del presidente Andr\u00e9s Manuel L\u00f3pez Obrador, L\u00f3pez Gatell explico que los 316 casos confirmados, hasta ayer por la tarde, de COVID-19 en M\u00e9xico, 5 de ellos no tienen antecedentes identificables de importaci\u00f3n.<\/p>\n<p style=\"text-align: justify;\">Por esta raz\u00f3n, el subsecretario de Prevenci\u00f3n y Promoci\u00f3n de la Salud explic\u00f3 que, oficialmente, M\u00e9xico entra a la fase 2 por la pandemia de COVID-19, ante la cual ya se hab\u00edan tomado medidas preventivas que permiten frenar los casos de contagio.<\/p>\n<p style=\"text-align: justify;\">Sin embargo, llam\u00f3 a la poblaci\u00f3n a continuar con las medidas de \u201csana distancia\u201d, para evitar el incremento de los casos.<\/p>\n<p style=\"text-align: justify;\">Medidas para evitar el contagio de COVID-19<br \/>\nEl Gobierno Federal implement\u00f3, como meidas sanitarias, para disminuir los casos de contagio por coronavirus en M\u00e9xico, la suspensi\u00f3n de clases del 20 de marzo al 20 de abril de este a\u00f1o, suspensi\u00f3n de eventos y reuniones de 100 personas o m\u00e1s, intensificaci\u00f2n de medidas b\u00e0siccas de prevenci\u00f2n como el lavado de manos, mantener una &#8220;sana distancia&#8221;, asi como incrmentar el cuidado de adultos mayores y personas en riesgo.<\/p>\n","protected":false},"excerpt":{"rendered":"<p>El subsecretario de Prevenci\u00f3n y Promoci\u00f3n de la Salud, Hugo L\u00f3pez Gatell, explic\u00f3 que M\u00e9xico est\u00e1 atendiendo de forma adecuada el brote de coronavirus en el pa\u00eds. CIUDAD DE M\u00c9XICO.- El subsecretario de Prevenci\u00f3n y Promoci\u00f3n de la Salud, Hugo L\u00f3pez-Gatell inform\u00f3 que M\u00e9xico entr\u00f3, oficialmente a la fase 2 de COVID-19, en la cual [&hellip;]<\/p>\n","protected":false},"author":9,"featured_media":14027,"comment_status":"open","ping_status":"closed","sticky":false,"template":"","format":"standard","meta":{"footnotes":""},"categories":[19],"tags":[124,2444],"class_list":["post-14026","post","type-post","status-publish","format-standard","has-post-thumbnail","hentry","category-nacional","tag-amlo","tag-covid-19-mexico"],"_links":{"self":[{"href":"https:\/\/laultimapalabra.com.mx\/portal\/wp-json\/wp\/v2\/posts\/14026","targetHints":{"allow":["GET"]}}],"collection":[{"href":"https:\/\/laultimapalabra.com.mx\/portal\/wp-json\/wp\/v2\/posts"}],"about":[{"href":"https:\/\/laultimapalabra.com.mx\/portal\/wp-json\/wp\/v2\/types\/post"}],"author":[{"embeddable":true,"href":"https:\/\/laultimapalabra.com.mx\/portal\/wp-json\/wp\/v2\/users\/9"}],"replies":[{"embeddable":true,"href":"https:\/\/laultimapalabra.com.mx\/portal\/wp-json\/wp\/v2\/comments?post=14026"}],"version-history":[{"count":1,"href":"https:\/\/laultimapalabra.com.mx\/portal\/wp-json\/wp\/v2\/posts\/14026\/revisions"}],"predecessor-version":[{"id":70283,"href":"https:\/\/laultimapalabra.com.mx\/portal\/wp-json\/wp\/v2\/posts\/14026\/revisions\/70283"}],"wp:featuredmedia":[{"embeddable":true,"href":"https:\/\/laultimapalabra.com.mx\/portal\/wp-json\/"}],"wp:attachment":[{"href":"https:\/\/laultimapalabra.com.mx\/portal\/wp-json\/wp\/v2\/media?parent=14026"}],"wp:term":[{"taxonomy":"category","embeddable":true,"href":"https:\/\/laultimapalabra.com.mx\/portal\/wp-json\/wp\/v2\/categories?post=14026"},{"taxonomy":"post_tag","embeddable":true,"href":"https:\/\/laultimapalabra.com.mx\/portal\/wp-json\/wp\/v2\/tags?post=14026"}],"curies":[{"name":"wp","href":"https:\/\/api.w.org\/{rel}","templated":true}]}}