                       {"id":14139,"date":"2020-03-31T07:55:24","date_gmt":"2020-03-31T13:55:24","guid":{"rendered":"http:\/\/laultimapalabra.info\/?p=14139"},"modified":"2024-12-11T10:01:05","modified_gmt":"2024-12-11T16:01:05","slug":"asesinan-a-balazos-al-conductor-de-una-camioneta-en-cadereyta","status":"publish","type":"post","link":"https:\/\/laultimapalabra.com.mx\/portal\/asesinan-a-balazos-al-conductor-de-una-camioneta-en-cadereyta\/","title":{"rendered":"Asesinan a balazos al conductor de una camioneta en Cadereyta"},"content":{"rendered":"<p><span style=\"font-size: 1rem;\">Vecinos solicitaron la presencia de la polic\u00eda municipal y de Fuerza Civil, luego de escuchar detonaciones de arma de fuego.<\/span><\/p>\n<p><img loading=\"lazy\" decoding=\"async\" class=\"size-medium wp-image-14140 alignleft\" src=\"https:\/\/laultimapalabra.com.mx\/portal\/wp-content\/uploads\/2020\/03\/oraca-300x169.jpg\" alt=\"\" width=\"300\" height=\"169\" \/>CADEREYTA.- Un hombre fue asesinado a balazos en una zona despoblada del municipio de Cadereyta.<\/p>\n<p>La v\u00edctima era el conductor de una camioneta en color blanco, la cual fue encontrada en una brecha conocida como Bellavista, adjunta a la colonia del mismo nombre.<\/p>\n<p>Vecinos solicitaron la presencia de la polic\u00eda municipal y de Fuerza Civil, luego de escuchar detonaciones de arma de fuego. Cuando los elementos acudieron hasta el lugar, visualizaron el veh\u00edculo con el conductor en el asiento.<\/p>\n<p>Al solicitar la llegada de los param\u00e9dicos y al arribo de estos, se corrobor\u00f3 el deceso del hombre.<\/p>\n<p>Trascendi\u00f3 que la v\u00edctima presentaba al menos dos heridas de bala, una en el hombro izquierdo y otra m\u00e1s en la cabeza.<\/p>\n<p>Al lugar acudi\u00f3 tambi\u00e9n personal del Instituto de Criminal\u00edstica y Servicios Periciales, a fin de ubicar evidencia que pudiera dar con el paradero del o los agresores.<\/p>\n<p>Fuente: Telediario<\/p>\n","protected":false},"excerpt":{"rendered":"<p>Vecinos solicitaron la presencia de la polic\u00eda municipal y de Fuerza Civil, luego de escuchar detonaciones de arma de fuego. CADEREYTA.- Un hombre fue asesinado a balazos en una zona despoblada del municipio de Cadereyta. La v\u00edctima era el conductor de una camioneta en color blanco, la cual fue encontrada en una brecha conocida como [&hellip;]<\/p>\n","protected":false},"author":9,"featured_media":14140,"comment_status":"open","ping_status":"closed","sticky":false,"template":"","format":"standard","meta":{"footnotes":""},"categories":[8,9],"tags":[926],"class_list":["post-14139","post","type-post","status-publish","format-standard","has-post-thumbnail","hentry","category-seguridad","category-seguridad-cadereyta","tag-ejecutados-cadereyta"],"_links":{"self":[{"href":"https:\/\/laultimapalabra.com.mx\/portal\/wp-json\/wp\/v2\/posts\/14139","targetHints":{"allow":["GET"]}}],"collection":[{"href":"https:\/\/laultimapalabra.com.mx\/portal\/wp-json\/wp\/v2\/posts"}],"about":[{"href":"https:\/\/laultimapalabra.com.mx\/portal\/wp-json\/wp\/v2\/types\/post"}],"author":[{"embeddable":true,"href":"https:\/\/laultimapalabra.com.mx\/portal\/wp-json\/wp\/v2\/users\/9"}],"replies":[{"embeddable":true,"href":"https:\/\/laultimapalabra.com.mx\/portal\/wp-json\/wp\/v2\/comments?post=14139"}],"version-history":[{"count":1,"href":"https:\/\/laultimapalabra.com.mx\/portal\/wp-json\/wp\/v2\/posts\/14139\/revisions"}],"predecessor-version":[{"id":70339,"href":"https:\/\/laultimapalabra.com.mx\/portal\/wp-json\/wp\/v2\/posts\/14139\/revisions\/70339"}],"wp:featuredmedia":[{"embeddable":true,"href":"https:\/\/laultimapalabra.com.mx\/portal\/wp-json\/"}],"wp:attachment":[{"href":"https:\/\/laultimapalabra.com.mx\/portal\/wp-json\/wp\/v2\/media?parent=14139"}],"wp:term":[{"taxonomy":"category","embeddable":true,"href":"https:\/\/laultimapalabra.com.mx\/portal\/wp-json\/wp\/v2\/categories?post=14139"},{"taxonomy":"post_tag","embeddable":true,"href":"https:\/\/laultimapalabra.com.mx\/portal\/wp-json\/wp\/v2\/tags?post=14139"}],"curies":[{"name":"wp","href":"https:\/\/api.w.org\/{rel}","templated":true}]}}