                       {"id":1417,"date":"2018-05-03T23:32:55","date_gmt":"2018-05-03T23:32:55","guid":{"rendered":"http:\/\/laultimapalabra.info\/?p=1417"},"modified":"2024-12-11T08:37:10","modified_gmt":"2024-12-11T14:37:10","slug":"el-escuadron-201-no-se-olvida","status":"publish","type":"post","link":"https:\/\/laultimapalabra.com.mx\/portal\/el-escuadron-201-no-se-olvida\/","title":{"rendered":"El Escuadr\u00f3n 201 no se olvida"},"content":{"rendered":"<p style=\"text-align: justify;\"><img loading=\"lazy\" decoding=\"async\" class=\"size-medium wp-image-1418 alignleft\" src=\"https:\/\/laultimapalabra.com.mx\/portal\/wp-content\/uploads\/2018\/05\/Escuadron-201-copia-300x166.jpg\" alt=\"\" width=\"300\" height=\"166\" \/>Por: Dr. Jos\u00e9 Ascenci\u00f3n Tijerina Flores<\/p>\n<p style=\"text-align: justify;\">Durante la Segunda Guerra Mundial se reportaron importantes avances tecnol\u00f3gicos en la Aeron\u00e1utica Internacional.<br \/>\nEn los archivos hist\u00f3ricos no pod\u00edan faltar los datos de la importante participaci\u00f3n de la Fuerza A\u00e9rea Mexicana, participante directo en la zona del conflicto. Dicen las cr\u00f3nicas de aquellos hechos de la participaci\u00f3n del c\u00e9lebre escuadr\u00f3n 201 de la Fuerza A\u00e9rea en la liberaci\u00f3n de las Filipinas.<br \/>\nEran 300 hombres del ej\u00e9rcito y fuerza a\u00e9rea mexicana que a bordo de aviones de caza tipo P-47 partieron a la guerra en marzo de 1945.<br \/>\nAquella unidad desembarc\u00f3 en Manila el 1 de mayo de 1945 y qued\u00f3 establecida en el fuerte Stotenburg y en Porac, en el \u00e1rea del campo Clark, realizando el adiestramiento avanzado de combate en tierra y en vuelo.<br \/>\nEl escuadr\u00f3n 201 qued\u00f3 integrado al 58\u00b0 grupo de pelea del 5\u00b0 comando de la 5\u00b0 Fuerza A\u00e9rea realizando sus funciones normalmente voladas por unidades de pelea a partir del 4 de junio de 1945.<br \/>\nLas operaciones del escuadr\u00f3n a\u00e9reo 201 son representativas de las misiones de bando a\u00e9reo y de escolta de convoy naval de junio hasta el mes de agosto de 1945.<br \/>\nLa unidad tambi\u00e9n vol\u00f3 misiones de adiestramiento en el \u00e1rea del suroeste pac\u00edfico, cumpliendo tambi\u00e9n misiones de adiestramiento y traslado de aeronaves en la zona de combate del 4 de junio al 4 de julio de 1945, adem\u00e1s condujo 53 misiones de combate en Luzon apoyando a las fuerzas aliadas.<br \/>\nComo podemos ver los aviones militares han tenido un papel muy importante en la historia de la aviaci\u00f3n mexicana ya que a partir de entonces la tecnolog\u00eda especializada en ese tipo de aparatos evolucion\u00f3 de manera impresionante a tal grado que en la actualidad esos aparatos son capaces de transportarnos en solo unas cuantas horas a los lugares m\u00e1s apartados del mundo.<br \/>\nRecordemos en estas fechas a nuestro glorioso escuadr\u00f3n 201 y los avances que lo sucedieron desde entonces.<br \/>\nGracias<\/p>\n","protected":false},"excerpt":{"rendered":"<p>Por: Dr. Jos\u00e9 Ascenci\u00f3n Tijerina Flores Durante la Segunda Guerra Mundial se reportaron importantes avances tecnol\u00f3gicos en la Aeron\u00e1utica Internacional. En los archivos hist\u00f3ricos no pod\u00edan faltar los datos de la importante participaci\u00f3n de la Fuerza A\u00e9rea Mexicana, participante directo en la zona del conflicto. Dicen las cr\u00f3nicas de aquellos hechos de la participaci\u00f3n del [&hellip;]<\/p>\n","protected":false},"author":9,"featured_media":1418,"comment_status":"open","ping_status":"closed","sticky":false,"template":"","format":"standard","meta":{"footnotes":""},"categories":[1],"tags":[879],"class_list":["post-1417","post","type-post","status-publish","format-standard","has-post-thumbnail","hentry","category-noticias","tag-dr-jose-ascencion-tijerina-flores"],"_links":{"self":[{"href":"https:\/\/laultimapalabra.com.mx\/portal\/wp-json\/wp\/v2\/posts\/1417","targetHints":{"allow":["GET"]}}],"collection":[{"href":"https:\/\/laultimapalabra.com.mx\/portal\/wp-json\/wp\/v2\/posts"}],"about":[{"href":"https:\/\/laultimapalabra.com.mx\/portal\/wp-json\/wp\/v2\/types\/post"}],"author":[{"embeddable":true,"href":"https:\/\/laultimapalabra.com.mx\/portal\/wp-json\/wp\/v2\/users\/9"}],"replies":[{"embeddable":true,"href":"https:\/\/laultimapalabra.com.mx\/portal\/wp-json\/wp\/v2\/comments?post=1417"}],"version-history":[{"count":1,"href":"https:\/\/laultimapalabra.com.mx\/portal\/wp-json\/wp\/v2\/posts\/1417\/revisions"}],"predecessor-version":[{"id":63771,"href":"https:\/\/laultimapalabra.com.mx\/portal\/wp-json\/wp\/v2\/posts\/1417\/revisions\/63771"}],"wp:featuredmedia":[{"embeddable":true,"href":"https:\/\/laultimapalabra.com.mx\/portal\/wp-json\/"}],"wp:attachment":[{"href":"https:\/\/laultimapalabra.com.mx\/portal\/wp-json\/wp\/v2\/media?parent=1417"}],"wp:term":[{"taxonomy":"category","embeddable":true,"href":"https:\/\/laultimapalabra.com.mx\/portal\/wp-json\/wp\/v2\/categories?post=1417"},{"taxonomy":"post_tag","embeddable":true,"href":"https:\/\/laultimapalabra.com.mx\/portal\/wp-json\/wp\/v2\/tags?post=1417"}],"curies":[{"name":"wp","href":"https:\/\/api.w.org\/{rel}","templated":true}]}}