                       {"id":14172,"date":"2020-04-01T14:49:03","date_gmt":"2020-04-01T20:49:03","guid":{"rendered":"http:\/\/laultimapalabra.info\/?p=14172"},"modified":"2024-12-11T10:01:06","modified_gmt":"2024-12-11T16:01:06","slug":"transmitira-gobierno-de-cadereyta-disciplinas-deportivas","status":"publish","type":"post","link":"https:\/\/laultimapalabra.com.mx\/portal\/transmitira-gobierno-de-cadereyta-disciplinas-deportivas\/","title":{"rendered":"Transmitir\u00e1 Gobierno de Cadereyta disciplinas deportivas"},"content":{"rendered":"<p style=\"text-align: justify;\"><img loading=\"lazy\" decoding=\"async\" class=\"size-medium wp-image-14169 alignleft\" src=\"https:\/\/laultimapalabra.com.mx\/portal\/wp-content\/uploads\/2020\/04\/91791525_2540962542811680_8074498603348918272_n-300x182.jpg\" alt=\"\" width=\"300\" height=\"182\" srcset=\"https:\/\/laultimapalabra.com.mx\/portal\/wp-content\/uploads\/2020\/04\/91791525_2540962542811680_8074498603348918272_n-300x182.jpg 300w, https:\/\/laultimapalabra.com.mx\/portal\/wp-content\/uploads\/2020\/04\/91791525_2540962542811680_8074498603348918272_n-1024x622.jpg 1024w, https:\/\/laultimapalabra.com.mx\/portal\/wp-content\/uploads\/2020\/04\/91791525_2540962542811680_8074498603348918272_n-768x467.jpg 768w, https:\/\/laultimapalabra.com.mx\/portal\/wp-content\/uploads\/2020\/04\/91791525_2540962542811680_8074498603348918272_n-1536x933.jpg 1536w, https:\/\/laultimapalabra.com.mx\/portal\/wp-content\/uploads\/2020\/04\/91791525_2540962542811680_8074498603348918272_n-240x145.jpg 240w, https:\/\/laultimapalabra.com.mx\/portal\/wp-content\/uploads\/2020\/04\/91791525_2540962542811680_8074498603348918272_n.jpg 1778w\" sizes=\"auto, (max-width: 300px) 100vw, 300px\" \/>Cadereyta Jim\u00e9nez, N. L.- Con la intenci\u00f3n de que los ciudadanos interesados en el deporte as\u00ed como los deportistas disciplinados con los que cuenta Cadereyta no se vean afectados por la contingencia por el Covid 19 que ha sido extendida hasta el pr\u00f3ximo 30 de abril, la administraci\u00f3n encabezada por Ernesto Quintanilla comenzar\u00e1 con la transmisi\u00f3n digital de distintas disciplinas deportivas tanto para quienes deseen comenzar a ejecutarlas, como todos aquellos deportistas que ya se encontraban en un entrenamiento espec\u00edfico, seg\u00fan lo inform\u00f3 Fidel Mej\u00eda de la Direcci\u00f3n de Deportes Municipal.<\/p>\n","protected":false},"excerpt":{"rendered":"<p>Cadereyta Jim\u00e9nez, N. L.- Con la intenci\u00f3n de que los ciudadanos interesados en el deporte as\u00ed como los deportistas disciplinados con los que cuenta Cadereyta no se vean afectados por la contingencia por el Covid 19 que ha sido extendida hasta el pr\u00f3ximo 30 de abril, la administraci\u00f3n encabezada por Ernesto Quintanilla comenzar\u00e1 con la [&hellip;]<\/p>\n","protected":false},"author":9,"featured_media":14169,"comment_status":"open","ping_status":"closed","sticky":false,"template":"","format":"standard","meta":{"footnotes":""},"categories":[1],"tags":[2458],"class_list":["post-14172","post","type-post","status-publish","format-standard","has-post-thumbnail","hentry","category-noticias","tag-transmisiones-deportivas-caderyeta"],"_links":{"self":[{"href":"https:\/\/laultimapalabra.com.mx\/portal\/wp-json\/wp\/v2\/posts\/14172","targetHints":{"allow":["GET"]}}],"collection":[{"href":"https:\/\/laultimapalabra.com.mx\/portal\/wp-json\/wp\/v2\/posts"}],"about":[{"href":"https:\/\/laultimapalabra.com.mx\/portal\/wp-json\/wp\/v2\/types\/post"}],"author":[{"embeddable":true,"href":"https:\/\/laultimapalabra.com.mx\/portal\/wp-json\/wp\/v2\/users\/9"}],"replies":[{"embeddable":true,"href":"https:\/\/laultimapalabra.com.mx\/portal\/wp-json\/wp\/v2\/comments?post=14172"}],"version-history":[{"count":1,"href":"https:\/\/laultimapalabra.com.mx\/portal\/wp-json\/wp\/v2\/posts\/14172\/revisions"}],"predecessor-version":[{"id":70357,"href":"https:\/\/laultimapalabra.com.mx\/portal\/wp-json\/wp\/v2\/posts\/14172\/revisions\/70357"}],"wp:featuredmedia":[{"embeddable":true,"href":"https:\/\/laultimapalabra.com.mx\/portal\/wp-json\/wp\/v2\/media\/14169"}],"wp:attachment":[{"href":"https:\/\/laultimapalabra.com.mx\/portal\/wp-json\/wp\/v2\/media?parent=14172"}],"wp:term":[{"taxonomy":"category","embeddable":true,"href":"https:\/\/laultimapalabra.com.mx\/portal\/wp-json\/wp\/v2\/categories?post=14172"},{"taxonomy":"post_tag","embeddable":true,"href":"https:\/\/laultimapalabra.com.mx\/portal\/wp-json\/wp\/v2\/tags?post=14172"}],"curies":[{"name":"wp","href":"https:\/\/api.w.org\/{rel}","templated":true}]}}