                       {"id":14198,"date":"2020-04-02T12:40:44","date_gmt":"2020-04-02T18:40:44","guid":{"rendered":"http:\/\/laultimapalabra.info\/?p=14198"},"modified":"2024-12-11T10:01:06","modified_gmt":"2024-12-11T16:01:06","slug":"instalan-feria-en-juarez-pese-a-contingencia-por-coronavirus","status":"publish","type":"post","link":"https:\/\/laultimapalabra.com.mx\/portal\/instalan-feria-en-juarez-pese-a-contingencia-por-coronavirus\/","title":{"rendered":"Instalan feria en Ju\u00e1rez pese a contingencia por Coronavirus"},"content":{"rendered":"<p style=\"text-align: justify;\">Los habitantes del Fraccionamiento Praderas de San Juan no est\u00e1n de acuerdo con esta situaci\u00f3n, pues no se cuenta con ninguna medida de prevenci\u00f3n.<\/p>\n<p style=\"text-align: justify;\"><img loading=\"lazy\" decoding=\"async\" class=\"size-medium wp-image-14201 alignleft\" src=\"https:\/\/laultimapalabra.com.mx\/portal\/wp-content\/uploads\/2020\/04\/whatsapp_image_2020-03-31_at_9.19.15_pm-300x191.jpeg\" alt=\"\" width=\"300\" height=\"191\" srcset=\"https:\/\/laultimapalabra.com.mx\/portal\/wp-content\/uploads\/2020\/04\/whatsapp_image_2020-03-31_at_9.19.15_pm-300x191.jpeg 300w, https:\/\/laultimapalabra.com.mx\/portal\/wp-content\/uploads\/2020\/04\/whatsapp_image_2020-03-31_at_9.19.15_pm-768x489.jpeg 768w, https:\/\/laultimapalabra.com.mx\/portal\/wp-content\/uploads\/2020\/04\/whatsapp_image_2020-03-31_at_9.19.15_pm.jpeg 1022w\" sizes=\"auto, (max-width: 300px) 100vw, 300px\" \/>JU\u00c1REZ.- A pesar de la contingencia por el Covid-19, en la intersecci\u00f3n de las Calles Mostoles y Barcelona del Fraccionamiento Praderas de San Juan, en Ju\u00e1rez, Nuevo Le\u00f3n, se instal\u00f3 una feria con el fin de entretener a los m\u00e1s chicos de las familias.<\/p>\n<p style=\"text-align: justify;\">Sin embargo, esto no ha sido bien visto por los vecinos de dicho sector, quienes reprueban el haber colocado estas atracciones, tomando en cuenta la situaci\u00f3n que se est\u00e1 viviendo a nivel mundial<\/p>\n<p style=\"text-align: justify;\">Cabe destacar que esta feria no cuenta con ninguna medida de prevenci\u00f3n, ya sea colocar gel antibacterial en un punto medio, lo que puede afectar a las personas que visiten este lugar.<\/p>\n<p style=\"text-align: justify;\">fuente: Multimedios<\/p>\n","protected":false},"excerpt":{"rendered":"<p>Los habitantes del Fraccionamiento Praderas de San Juan no est\u00e1n de acuerdo con esta situaci\u00f3n, pues no se cuenta con ninguna medida de prevenci\u00f3n. JU\u00c1REZ.- A pesar de la contingencia por el Covid-19, en la intersecci\u00f3n de las Calles Mostoles y Barcelona del Fraccionamiento Praderas de San Juan, en Ju\u00e1rez, Nuevo Le\u00f3n, se instal\u00f3 una [&hellip;]<\/p>\n","protected":false},"author":9,"featured_media":14201,"comment_status":"open","ping_status":"closed","sticky":false,"template":"","format":"standard","meta":{"footnotes":""},"categories":[18,8,10],"tags":[2433],"class_list":["post-14198","post","type-post","status-publish","format-standard","has-post-thumbnail","hentry","category-locales-juarez","category-seguridad","category-seguridad-juarez","tag-covid-19-juarez"],"_links":{"self":[{"href":"https:\/\/laultimapalabra.com.mx\/portal\/wp-json\/wp\/v2\/posts\/14198","targetHints":{"allow":["GET"]}}],"collection":[{"href":"https:\/\/laultimapalabra.com.mx\/portal\/wp-json\/wp\/v2\/posts"}],"about":[{"href":"https:\/\/laultimapalabra.com.mx\/portal\/wp-json\/wp\/v2\/types\/post"}],"author":[{"embeddable":true,"href":"https:\/\/laultimapalabra.com.mx\/portal\/wp-json\/wp\/v2\/users\/9"}],"replies":[{"embeddable":true,"href":"https:\/\/laultimapalabra.com.mx\/portal\/wp-json\/wp\/v2\/comments?post=14198"}],"version-history":[{"count":1,"href":"https:\/\/laultimapalabra.com.mx\/portal\/wp-json\/wp\/v2\/posts\/14198\/revisions"}],"predecessor-version":[{"id":70371,"href":"https:\/\/laultimapalabra.com.mx\/portal\/wp-json\/wp\/v2\/posts\/14198\/revisions\/70371"}],"wp:featuredmedia":[{"embeddable":true,"href":"https:\/\/laultimapalabra.com.mx\/portal\/wp-json\/wp\/v2\/media\/14201"}],"wp:attachment":[{"href":"https:\/\/laultimapalabra.com.mx\/portal\/wp-json\/wp\/v2\/media?parent=14198"}],"wp:term":[{"taxonomy":"category","embeddable":true,"href":"https:\/\/laultimapalabra.com.mx\/portal\/wp-json\/wp\/v2\/categories?post=14198"},{"taxonomy":"post_tag","embeddable":true,"href":"https:\/\/laultimapalabra.com.mx\/portal\/wp-json\/wp\/v2\/tags?post=14198"}],"curies":[{"name":"wp","href":"https:\/\/api.w.org\/{rel}","templated":true}]}}