                       {"id":14259,"date":"2020-04-13T19:16:31","date_gmt":"2020-04-14T00:16:31","guid":{"rendered":"http:\/\/laultimapalabra.info\/?p=14259"},"modified":"2024-12-11T10:01:07","modified_gmt":"2024-12-11T16:01:07","slug":"sigue-mario-esperando-que-fc-responda-por-la-perdida-de-sus-piernas","status":"publish","type":"post","link":"https:\/\/laultimapalabra.com.mx\/portal\/sigue-mario-esperando-que-fc-responda-por-la-perdida-de-sus-piernas\/","title":{"rendered":"Sigue Mario esperando que FC responda por la perdida de sus piernas\u00a0"},"content":{"rendered":"<p><span style=\"font-size: 1rem;\"><img loading=\"lazy\" decoding=\"async\" class=\"size-medium wp-image-14260 alignright\" src=\"https:\/\/laultimapalabra.com.mx\/portal\/wp-content\/uploads\/2020\/04\/Screenshot_20200413_191400-300x229.jpg\" alt=\"\" width=\"300\" height=\"229\" srcset=\"https:\/\/laultimapalabra.com.mx\/portal\/wp-content\/uploads\/2020\/04\/Screenshot_20200413_191400-300x229.jpg 300w, https:\/\/laultimapalabra.com.mx\/portal\/wp-content\/uploads\/2020\/04\/Screenshot_20200413_191400-1024x780.jpg 1024w, https:\/\/laultimapalabra.com.mx\/portal\/wp-content\/uploads\/2020\/04\/Screenshot_20200413_191400-768x585.jpg 768w, https:\/\/laultimapalabra.com.mx\/portal\/wp-content\/uploads\/2020\/04\/Screenshot_20200413_191400.jpg 1417w\" sizes=\"auto, (max-width: 300px) 100vw, 300px\" \/>Cadereyta Jimenez,s N.L.- Y tras\u00a0 dos a\u00f1os de sufrir la perdida de sus piernas en el mes de Octubre de 2018 por un choque de una unidad de Fuerza Civil en la colonia Valle del Roble, el joven Mario de Jes\u00fas Vallejo Parra de 19 a\u00f1os, sigue en espera de que el Estado responda por los $186000 que les fueron dictados como reparaci\u00f3n de da\u00f1o y que no han sido entregados al joven escudandose en varios pretextos como que la aseguradora a\u00fan no responde y ahora con la contingencis sanitaria por el coronavirus, as\u00ed lo manifiesta la madre del joven Maria de Jes\u00fas Vallejo Parra.<\/span><\/p>\n<p>El afectado es habitante de la Colonia Jardines de Cadereyta tercer sector y hasta la fecha no ha podido ingresar en un trabajo debido a su discapacidad y a la falta de recursos econ\u00f3micos para poder movilizarse, adem\u00e1s de que requiere de dinero de la reparaci\u00f3n de da\u00f1o para poder comprar sus pr\u00f3tesis y as\u00ed tratar de hacer una vida lo m\u00e1s cercana a lo normal posible.<br \/>\nLa madre de Mario de Jes\u00fas exige justicia para su hijo, ya que en aquel accidente ocurrido en la Colonia Valle del Roble no s\u00f3lo le arrebataron las piernas a su hijo, sino la oportunidad de llevar una vida normal y progresiva.<\/p>\n","protected":false},"excerpt":{"rendered":"<p>Cadereyta Jimenez,s N.L.- Y tras\u00a0 dos a\u00f1os de sufrir la perdida de sus piernas en el mes de Octubre de 2018 por un choque de una unidad de Fuerza Civil en la colonia Valle del Roble, el joven Mario de Jes\u00fas Vallejo Parra de 19 a\u00f1os, sigue en espera de que el Estado responda por [&hellip;]<\/p>\n","protected":false},"author":9,"featured_media":14260,"comment_status":"open","ping_status":"closed","sticky":false,"template":"","format":"standard","meta":{"footnotes":""},"categories":[17],"tags":[551,2471],"class_list":["post-14259","post","type-post","status-publish","format-standard","has-post-thumbnail","hentry","category-locales-cadereyta","tag-choques-cadereyta","tag-fc"],"_links":{"self":[{"href":"https:\/\/laultimapalabra.com.mx\/portal\/wp-json\/wp\/v2\/posts\/14259","targetHints":{"allow":["GET"]}}],"collection":[{"href":"https:\/\/laultimapalabra.com.mx\/portal\/wp-json\/wp\/v2\/posts"}],"about":[{"href":"https:\/\/laultimapalabra.com.mx\/portal\/wp-json\/wp\/v2\/types\/post"}],"author":[{"embeddable":true,"href":"https:\/\/laultimapalabra.com.mx\/portal\/wp-json\/wp\/v2\/users\/9"}],"replies":[{"embeddable":true,"href":"https:\/\/laultimapalabra.com.mx\/portal\/wp-json\/wp\/v2\/comments?post=14259"}],"version-history":[{"count":1,"href":"https:\/\/laultimapalabra.com.mx\/portal\/wp-json\/wp\/v2\/posts\/14259\/revisions"}],"predecessor-version":[{"id":70397,"href":"https:\/\/laultimapalabra.com.mx\/portal\/wp-json\/wp\/v2\/posts\/14259\/revisions\/70397"}],"wp:featuredmedia":[{"embeddable":true,"href":"https:\/\/laultimapalabra.com.mx\/portal\/wp-json\/wp\/v2\/media\/14260"}],"wp:attachment":[{"href":"https:\/\/laultimapalabra.com.mx\/portal\/wp-json\/wp\/v2\/media?parent=14259"}],"wp:term":[{"taxonomy":"category","embeddable":true,"href":"https:\/\/laultimapalabra.com.mx\/portal\/wp-json\/wp\/v2\/categories?post=14259"},{"taxonomy":"post_tag","embeddable":true,"href":"https:\/\/laultimapalabra.com.mx\/portal\/wp-json\/wp\/v2\/tags?post=14259"}],"curies":[{"name":"wp","href":"https:\/\/api.w.org\/{rel}","templated":true}]}}