                       {"id":14309,"date":"2020-04-15T14:30:43","date_gmt":"2020-04-15T19:30:43","guid":{"rendered":"http:\/\/laultimapalabra.info\/?p=14309"},"modified":"2024-12-11T10:01:07","modified_gmt":"2024-12-11T16:01:07","slug":"recibe-paramedico-de-cadereyta-a-bebita","status":"publish","type":"post","link":"https:\/\/laultimapalabra.com.mx\/portal\/recibe-paramedico-de-cadereyta-a-bebita\/","title":{"rendered":"&#8220;Recibe&#8221; param\u00e9dico de Cadereyta a bebita"},"content":{"rendered":"<p style=\"text-align: justify;\"><img loading=\"lazy\" decoding=\"async\" class=\"size-medium wp-image-14310 alignright\" src=\"https:\/\/laultimapalabra.com.mx\/portal\/wp-content\/uploads\/2020\/04\/WhatsApp-Image-2020-04-15-at-1.31.48-PM-225x300.jpeg\" alt=\"\" width=\"225\" height=\"300\" srcset=\"https:\/\/laultimapalabra.com.mx\/portal\/wp-content\/uploads\/2020\/04\/WhatsApp-Image-2020-04-15-at-1.31.48-PM-225x300.jpeg 225w, https:\/\/laultimapalabra.com.mx\/portal\/wp-content\/uploads\/2020\/04\/WhatsApp-Image-2020-04-15-at-1.31.48-PM.jpeg 720w\" sizes=\"auto, (max-width: 225px) 100vw, 225px\" \/>Cadereyta Jim\u00e9nez, N. L.- Mientras que en una de las pocas buenas noticias, un param\u00e9dico del servicio de Emergencias Cadereyta, atendi\u00f3 un parto la ma\u00f1ana de ayer, cuando trasladaba a una mujer, logrando el nacimiento de una mujercita dentro de una de las unidades.<br \/>\nLa mujer con dolores de parto lleg\u00f3 a la cl\u00ednica municipal para la atenci\u00f3n requerida, ya que la mujer estaba a punto de dar a luz, siendo atendida r\u00e1pidamente por el personal.<br \/>\nPara una mejor atenci\u00f3n, se acord\u00f3 enviar a la mujer a bordo de la ambulancia n\u00famero 24, al Hospital Materno-Infantil con el esposo de la paciente y atendida por el param\u00e9dico Alexis Javier Guti\u00e9rrez Baz\u00e1n.<br \/>\nEn el trayecto, la mujer empez\u00f3 a dar a luz, mientras que el param\u00e9dico, haciendo alarde de su profesionalismo, ayud\u00f3 a la mujer en el alumbramiento, para traer al mundo a una preciosa bebita.<br \/>\nLa unidad arrib\u00f3 al hospital para su atenci\u00f3n, y con perfecto estado de salud madre e hija, dando las gracias la feliz familia al param\u00e9dico por su invaluable servicio.<\/p>\n","protected":false},"excerpt":{"rendered":"<p>Cadereyta Jim\u00e9nez, N. L.- Mientras que en una de las pocas buenas noticias, un param\u00e9dico del servicio de Emergencias Cadereyta, atendi\u00f3 un parto la ma\u00f1ana de ayer, cuando trasladaba a una mujer, logrando el nacimiento de una mujercita dentro de una de las unidades. La mujer con dolores de parto lleg\u00f3 a la cl\u00ednica municipal [&hellip;]<\/p>\n","protected":false},"author":9,"featured_media":14310,"comment_status":"open","ping_status":"closed","sticky":false,"template":"","format":"standard","meta":{"footnotes":""},"categories":[17],"tags":[2479,2136],"class_list":["post-14309","post","type-post","status-publish","format-standard","has-post-thumbnail","hentry","category-locales-cadereyta","tag-alumbramiento-cadereyta","tag-servicios-de-emergencias-cadereyta"],"_links":{"self":[{"href":"https:\/\/laultimapalabra.com.mx\/portal\/wp-json\/wp\/v2\/posts\/14309","targetHints":{"allow":["GET"]}}],"collection":[{"href":"https:\/\/laultimapalabra.com.mx\/portal\/wp-json\/wp\/v2\/posts"}],"about":[{"href":"https:\/\/laultimapalabra.com.mx\/portal\/wp-json\/wp\/v2\/types\/post"}],"author":[{"embeddable":true,"href":"https:\/\/laultimapalabra.com.mx\/portal\/wp-json\/wp\/v2\/users\/9"}],"replies":[{"embeddable":true,"href":"https:\/\/laultimapalabra.com.mx\/portal\/wp-json\/wp\/v2\/comments?post=14309"}],"version-history":[{"count":1,"href":"https:\/\/laultimapalabra.com.mx\/portal\/wp-json\/wp\/v2\/posts\/14309\/revisions"}],"predecessor-version":[{"id":70423,"href":"https:\/\/laultimapalabra.com.mx\/portal\/wp-json\/wp\/v2\/posts\/14309\/revisions\/70423"}],"wp:featuredmedia":[{"embeddable":true,"href":"https:\/\/laultimapalabra.com.mx\/portal\/wp-json\/wp\/v2\/media\/14310"}],"wp:attachment":[{"href":"https:\/\/laultimapalabra.com.mx\/portal\/wp-json\/wp\/v2\/media?parent=14309"}],"wp:term":[{"taxonomy":"category","embeddable":true,"href":"https:\/\/laultimapalabra.com.mx\/portal\/wp-json\/wp\/v2\/categories?post=14309"},{"taxonomy":"post_tag","embeddable":true,"href":"https:\/\/laultimapalabra.com.mx\/portal\/wp-json\/wp\/v2\/tags?post=14309"}],"curies":[{"name":"wp","href":"https:\/\/api.w.org\/{rel}","templated":true}]}}