                       {"id":14355,"date":"2020-04-17T14:48:23","date_gmt":"2020-04-17T19:48:23","guid":{"rendered":"http:\/\/laultimapalabra.info\/?p=14355"},"modified":"2024-12-11T10:01:07","modified_gmt":"2024-12-11T16:01:07","slug":"sigue-la-busqueda-de-las-hijas-de-don-jorge","status":"publish","type":"post","link":"https:\/\/laultimapalabra.com.mx\/portal\/sigue-la-busqueda-de-las-hijas-de-don-jorge\/","title":{"rendered":"Sigue la b\u00fasqueda de las hijas de Don Jorge"},"content":{"rendered":"<div class=\"\" data-block=\"true\" data-editor=\"fr2lf\" data-offset-key=\"56gpa-0-0\">\n<div class=\"_1mf _1mj\" style=\"text-align: justify;\" data-offset-key=\"56gpa-0-0\"><span style=\"font-size: 1rem;\"><img loading=\"lazy\" decoding=\"async\" class=\"size-medium wp-image-14357 alignleft\" src=\"https:\/\/laultimapalabra.com.mx\/portal\/wp-content\/uploads\/2020\/04\/WhatsApp-Image-2020-04-17-at-11.52.33-AM-225x300.jpeg\" alt=\"\" width=\"225\" height=\"300\" srcset=\"https:\/\/laultimapalabra.com.mx\/portal\/wp-content\/uploads\/2020\/04\/WhatsApp-Image-2020-04-17-at-11.52.33-AM-225x300.jpeg 225w, https:\/\/laultimapalabra.com.mx\/portal\/wp-content\/uploads\/2020\/04\/WhatsApp-Image-2020-04-17-at-11.52.33-AM.jpeg 720w\" sizes=\"auto, (max-width: 225px) 100vw, 225px\" \/>Cadereyta Jim\u00e9nez, N . L.- seguimos pidi\u00e9ndole su apoyo a la comunidad jimenense para encontrar a las hijas de Don Jorge Trevi\u00f1o Rodr\u00edguez, de 75 a\u00f1os de edad, quien todav\u00eda se encuentra en una situaci\u00f3n vulnerable viviendo en una caseta de vigilancia ubicada en el cruce de Avenida Acueducto y Valle Real de la colonia Rehiletes en el vecino municipio de Ju\u00e1rez.<\/span><\/div>\n<\/div>\n<div class=\"\" data-block=\"true\" data-editor=\"fr2lf\" data-offset-key=\"57gr-0-0\">\n<div class=\"_1mf _1mj\" style=\"text-align: justify;\" data-offset-key=\"57gr-0-0\"><span data-offset-key=\"57gr-0-0\">Ante los cambios de temperatura que se han presentado los \u00faltimos d\u00edas, es de suma importancia encontrar a su familiares para salvaguardar su seguridad y salud, se comenta que tiene 2 hijas en esta ciudad de Cadereyta, ellas de nombre Maricruz y Alma Rosa Trevi\u00f1o. Ojala alguien las conozca y apoye para que esta familia se re\u00fana lo antes posible.<\/span><\/div>\n<\/div>\n<div class=\"\" data-block=\"true\" data-editor=\"fr2lf\" data-offset-key=\"9rqjq-0-0\"><\/div>\n","protected":false},"excerpt":{"rendered":"<p>Cadereyta Jim\u00e9nez, N . L.- seguimos pidi\u00e9ndole su apoyo a la comunidad jimenense para encontrar a las hijas de Don Jorge Trevi\u00f1o Rodr\u00edguez, de 75 a\u00f1os de edad, quien todav\u00eda se encuentra en una situaci\u00f3n vulnerable viviendo en una caseta de vigilancia ubicada en el cruce de Avenida Acueducto y Valle Real de la colonia [&hellip;]<\/p>\n","protected":false},"author":9,"featured_media":14357,"comment_status":"open","ping_status":"closed","sticky":false,"template":"","format":"standard","meta":{"footnotes":""},"categories":[1],"tags":[1774],"class_list":["post-14355","post","type-post","status-publish","format-standard","has-post-thumbnail","hentry","category-noticias","tag-personas-extraviadas-en-cadereyta"],"_links":{"self":[{"href":"https:\/\/laultimapalabra.com.mx\/portal\/wp-json\/wp\/v2\/posts\/14355","targetHints":{"allow":["GET"]}}],"collection":[{"href":"https:\/\/laultimapalabra.com.mx\/portal\/wp-json\/wp\/v2\/posts"}],"about":[{"href":"https:\/\/laultimapalabra.com.mx\/portal\/wp-json\/wp\/v2\/types\/post"}],"author":[{"embeddable":true,"href":"https:\/\/laultimapalabra.com.mx\/portal\/wp-json\/wp\/v2\/users\/9"}],"replies":[{"embeddable":true,"href":"https:\/\/laultimapalabra.com.mx\/portal\/wp-json\/wp\/v2\/comments?post=14355"}],"version-history":[{"count":1,"href":"https:\/\/laultimapalabra.com.mx\/portal\/wp-json\/wp\/v2\/posts\/14355\/revisions"}],"predecessor-version":[{"id":70449,"href":"https:\/\/laultimapalabra.com.mx\/portal\/wp-json\/wp\/v2\/posts\/14355\/revisions\/70449"}],"wp:featuredmedia":[{"embeddable":true,"href":"https:\/\/laultimapalabra.com.mx\/portal\/wp-json\/wp\/v2\/media\/14357"}],"wp:attachment":[{"href":"https:\/\/laultimapalabra.com.mx\/portal\/wp-json\/wp\/v2\/media?parent=14355"}],"wp:term":[{"taxonomy":"category","embeddable":true,"href":"https:\/\/laultimapalabra.com.mx\/portal\/wp-json\/wp\/v2\/categories?post=14355"},{"taxonomy":"post_tag","embeddable":true,"href":"https:\/\/laultimapalabra.com.mx\/portal\/wp-json\/wp\/v2\/tags?post=14355"}],"curies":[{"name":"wp","href":"https:\/\/api.w.org\/{rel}","templated":true}]}}