                       {"id":1437,"date":"2018-05-04T00:05:34","date_gmt":"2018-05-04T00:05:34","guid":{"rendered":"http:\/\/laultimapalabra.info\/?p=1437"},"modified":"2024-12-11T08:37:10","modified_gmt":"2024-12-11T14:37:10","slug":"arranque-masivo-del-dr-sabas","status":"publish","type":"post","link":"https:\/\/laultimapalabra.com.mx\/portal\/arranque-masivo-del-dr-sabas\/","title":{"rendered":"Arranque masivo del Dr Sab\u00e1s"},"content":{"rendered":"<p style=\"text-align: justify;\">\u00a0<img loading=\"lazy\" decoding=\"async\" class=\"size-medium wp-image-1460 alignleft\" src=\"https:\/\/laultimapalabra.com.mx\/portal\/wp-content\/uploads\/2018\/05\/2-1-300x225.jpg\" alt=\"\" width=\"300\" height=\"225\" \/>CADEREYTA JIM\u00c9NEZ, N.L.-<\/p>\n<p style=\"text-align: justify;\">En una verdadera fiesta convirti\u00f3 el doctor Sab\u00e1s Ren\u00e9 Tamez P\u00e9rez, su arranque de campa\u00f1a en el costado poniente de la plaza principal, frente a Presidencia Municipal que se llen\u00f3 de luz, color y con grandes artistas.<\/p>\n<p style=\"text-align: justify;\"><img loading=\"lazy\" decoding=\"async\" class=\"size-medium wp-image-1461 alignleft\" src=\"https:\/\/laultimapalabra.com.mx\/portal\/wp-content\/uploads\/2018\/05\/3-300x225.jpg\" alt=\"\" width=\"300\" height=\"225\" \/>En el escenario, estuvo Chavana y su show, que provoc\u00f3 la hilaridad de la multitud all\u00ed congregada, adem\u00e1s de la presentaci\u00f3n de la banda La Nueva de Monterrey, quien puso a bailar a muchos de los presentes.<\/p>\n<p style=\"text-align: justify;\">El evento fue compartido por los tambi\u00e9n candidato Gerardo Betancourt por el Distrito 12 Federal; Yayo Garc\u00eda por el Distrito 23 local y por la senadur\u00eda, Mirna Sald\u00edvar Paz, con quienes fue compartido el escenario en gastos y en log\u00edstica.<\/p>\n<p style=\"text-align: justify;\">Con su grito de guerra: \u201cSalvemos Cadereyta\u201d, el galeno que busca un Cadereyta mejor, recibi\u00f3 los aplausos y el saludo de los jimenenses, recorriendo todos los lugares donde se encontraban congregados los ciudadanos que simpatizan con su proyecto.<\/p>\n","protected":false},"excerpt":{"rendered":"<p>\u00a0CADEREYTA JIM\u00c9NEZ, N.L.- En una verdadera fiesta convirti\u00f3 el doctor Sab\u00e1s Ren\u00e9 Tamez P\u00e9rez, su arranque de campa\u00f1a en el costado poniente de la plaza principal, frente a Presidencia Municipal que se llen\u00f3 de luz, color y con grandes artistas. En el escenario, estuvo Chavana y su show, que provoc\u00f3 la hilaridad de la multitud [&hellip;]<\/p>\n","protected":false},"author":9,"featured_media":1459,"comment_status":"open","ping_status":"closed","sticky":false,"template":"","format":"standard","meta":{"footnotes":""},"categories":[17],"tags":[880,1696],"class_list":["post-1437","post","type-post","status-publish","format-standard","has-post-thumbnail","hentry","category-locales-cadereyta","tag-dr-sabas-tamez","tag-panal-cadereyta"],"_links":{"self":[{"href":"https:\/\/laultimapalabra.com.mx\/portal\/wp-json\/wp\/v2\/posts\/1437","targetHints":{"allow":["GET"]}}],"collection":[{"href":"https:\/\/laultimapalabra.com.mx\/portal\/wp-json\/wp\/v2\/posts"}],"about":[{"href":"https:\/\/laultimapalabra.com.mx\/portal\/wp-json\/wp\/v2\/types\/post"}],"author":[{"embeddable":true,"href":"https:\/\/laultimapalabra.com.mx\/portal\/wp-json\/wp\/v2\/users\/9"}],"replies":[{"embeddable":true,"href":"https:\/\/laultimapalabra.com.mx\/portal\/wp-json\/wp\/v2\/comments?post=1437"}],"version-history":[{"count":1,"href":"https:\/\/laultimapalabra.com.mx\/portal\/wp-json\/wp\/v2\/posts\/1437\/revisions"}],"predecessor-version":[{"id":63781,"href":"https:\/\/laultimapalabra.com.mx\/portal\/wp-json\/wp\/v2\/posts\/1437\/revisions\/63781"}],"wp:featuredmedia":[{"embeddable":true,"href":"https:\/\/laultimapalabra.com.mx\/portal\/wp-json\/"}],"wp:attachment":[{"href":"https:\/\/laultimapalabra.com.mx\/portal\/wp-json\/wp\/v2\/media?parent=1437"}],"wp:term":[{"taxonomy":"category","embeddable":true,"href":"https:\/\/laultimapalabra.com.mx\/portal\/wp-json\/wp\/v2\/categories?post=1437"},{"taxonomy":"post_tag","embeddable":true,"href":"https:\/\/laultimapalabra.com.mx\/portal\/wp-json\/wp\/v2\/tags?post=1437"}],"curies":[{"name":"wp","href":"https:\/\/api.w.org\/{rel}","templated":true}]}}