                       {"id":14370,"date":"2020-04-17T16:14:43","date_gmt":"2020-04-17T21:14:43","guid":{"rendered":"http:\/\/laultimapalabra.info\/?p=14370"},"modified":"2024-12-11T10:01:07","modified_gmt":"2024-12-11T16:01:07","slug":"exigen-desde-hoy-cubrebocas-en-transporte","status":"publish","type":"post","link":"https:\/\/laultimapalabra.com.mx\/portal\/exigen-desde-hoy-cubrebocas-en-transporte\/","title":{"rendered":"Exigen desde hoy cubrebocas en transporte"},"content":{"rendered":"<p style=\"text-align: justify;\"><img loading=\"lazy\" decoding=\"async\" class=\"size-medium wp-image-14371 alignleft\" src=\"https:\/\/laultimapalabra.com.mx\/portal\/wp-content\/uploads\/2020\/04\/8778847-300x200.jpg\" alt=\"\" width=\"300\" height=\"200\" srcset=\"https:\/\/laultimapalabra.com.mx\/portal\/wp-content\/uploads\/2020\/04\/8778847-300x200.jpg 300w, https:\/\/laultimapalabra.com.mx\/portal\/wp-content\/uploads\/2020\/04\/8778847.jpg 660w\" sizes=\"auto, (max-width: 300px) 100vw, 300px\" \/>Monterrey, M\u00e9xico (17 abril 2020).- El Gobierno estatal estableci\u00f3 desde hoy el uso obligatorio de cubrebocas en todas las modalidades de transporte p\u00fablico.<\/p>\n<p style=\"text-align: justify;\">A trav\u00e9s de sus redes sociales, la Administraci\u00f3n estatal anunci\u00f3 que esta medida, dada a conocer el martes, aplica desde hoy.<\/p>\n<div class=\"text_exposed_show\">\n<p style=\"text-align: justify;\">Las rutas, taxis o Uber que permitan acceso a usuarios sin cubrebocas les podr\u00edan aplicar multas de 20 a 100 UMA, es decir, de mil 720 a 8,600 pesos.<\/p>\n<p style=\"text-align: justify;\">El director del Instituto de Movilidad, No\u00e9 Ch\u00e1vez, sostuvo que los operadores deber\u00e1n negar el acceso a personas que no porten cubrebocas como medida de prevenci\u00f3n a contagios de Covid-19.<\/p>\n<p style=\"text-align: justify;\">&#8220;Te puedo decir que casi un 85 \u00f3 90 por ciento de la gente ya lo trae&#8221;, sostuvo.<\/p>\n<p style=\"text-align: justify;\">&#8220;Y a quien no lo use, no lo vamos a dejar subir&#8221;.<\/p>\n<p style=\"text-align: justify;\">Ch\u00e1vez detall\u00f3 que esta disposici\u00f3n es parte de un acuerdo emitido por el Estado ante la emergencia sanitaria del coronavirus.<\/p>\n<p style=\"text-align: justify;\">Detall\u00f3 que entre martes y jueves repartieron cubrebocas reutilizables para el personal de todas las rutas urbanas, adem\u00e1s del Metro y Ecov\u00eda, y hoy se encuentran 80 empleados del Instituto repartiendo este insumo a usuarios.<\/p>\n<p style=\"text-align: justify;\">La medida gener\u00f3 divisi\u00f3n de opiniones entre los usuarios.<\/p>\n<p style=\"text-align: justify;\">Claudia \u00c1lvarez, aunque no es usuaria del transporte p\u00fablico, era testigo desde el parabus de La Alameda de c\u00f3mo los pasajeros ya acataban la medida.<\/p>\n<p style=\"text-align: justify;\">&#8220;S\u00ed se han subido (sin usar cubrebocas) algunos, pero casi creo que la mayor\u00eda trae&#8221;, revel\u00f3.<\/p>\n<p style=\"text-align: justify;\">&#8220;Yo ya desde hace tiempo lo he estado utilizando, por seguridad&#8221;.<\/p>\n<p style=\"text-align: justify;\">\u00c1lvarez, adem\u00e1s de cubrebocas, usaba una careta que le hab\u00eda regalado su esposo.<\/p>\n<p style=\"text-align: justify;\">Para algunos usuarios, era la primera vez que utilizaban una mascarilla.<\/p>\n<p style=\"text-align: justify;\">&#8220;Es la primera vez&#8230; apenas ahora que se ha ofrecido&#8221;, dijo Mar\u00eda Garc\u00eda, de Ju\u00e1rez.<\/p>\n<p style=\"text-align: justify;\">&#8220;No sab\u00eda&#8221;, admiti\u00f3, &#8220;pero ya hab\u00eda que comprarlos&#8221;.<\/p>\n<p style=\"text-align: justify;\">Mientras que otros incumpl\u00edan la medida para subir al cami\u00f3n o incluso se colocaban el cubrebocas s\u00f3lo para subir al transporte.<\/p>\n<p style=\"text-align: justify;\">&#8220;No traigo, nada m\u00e1s, no traigo lana, \u00bfd\u00f3nde est\u00e1n? \u00bflo est\u00e1n regalando?&#8221;, cuestion\u00f3 un usuario que se identific\u00f3 como Jes\u00fas Ram\u00edrez.<\/p>\n<p style=\"text-align: justify;\">&#8220;Si no me dejan subir&#8221;, reclam\u00f3, &#8220;no me dejan subir y ya&#8221;.<\/p>\n<p style=\"text-align: justify;\">fuente: EL NORTE<\/p>\n<\/div>\n","protected":false},"excerpt":{"rendered":"<p>Monterrey, M\u00e9xico (17 abril 2020).- El Gobierno estatal estableci\u00f3 desde hoy el uso obligatorio de cubrebocas en todas las modalidades de transporte p\u00fablico. A trav\u00e9s de sus redes sociales, la Administraci\u00f3n estatal anunci\u00f3 que esta medida, dada a conocer el martes, aplica desde hoy. Las rutas, taxis o Uber que permitan acceso a usuarios sin [&hellip;]<\/p>\n","protected":false},"author":9,"featured_media":14371,"comment_status":"open","ping_status":"closed","sticky":false,"template":"","format":"standard","meta":{"footnotes":""},"categories":[1],"tags":[2490,2491,2492],"class_list":["post-14370","post","type-post","status-publish","format-standard","has-post-thumbnail","hentry","category-noticias","tag-covid-19-n","tag-cubrebocas-nl","tag-l"],"_links":{"self":[{"href":"https:\/\/laultimapalabra.com.mx\/portal\/wp-json\/wp\/v2\/posts\/14370","targetHints":{"allow":["GET"]}}],"collection":[{"href":"https:\/\/laultimapalabra.com.mx\/portal\/wp-json\/wp\/v2\/posts"}],"about":[{"href":"https:\/\/laultimapalabra.com.mx\/portal\/wp-json\/wp\/v2\/types\/post"}],"author":[{"embeddable":true,"href":"https:\/\/laultimapalabra.com.mx\/portal\/wp-json\/wp\/v2\/users\/9"}],"replies":[{"embeddable":true,"href":"https:\/\/laultimapalabra.com.mx\/portal\/wp-json\/wp\/v2\/comments?post=14370"}],"version-history":[{"count":1,"href":"https:\/\/laultimapalabra.com.mx\/portal\/wp-json\/wp\/v2\/posts\/14370\/revisions"}],"predecessor-version":[{"id":70457,"href":"https:\/\/laultimapalabra.com.mx\/portal\/wp-json\/wp\/v2\/posts\/14370\/revisions\/70457"}],"wp:featuredmedia":[{"embeddable":true,"href":"https:\/\/laultimapalabra.com.mx\/portal\/wp-json\/wp\/v2\/media\/14371"}],"wp:attachment":[{"href":"https:\/\/laultimapalabra.com.mx\/portal\/wp-json\/wp\/v2\/media?parent=14370"}],"wp:term":[{"taxonomy":"category","embeddable":true,"href":"https:\/\/laultimapalabra.com.mx\/portal\/wp-json\/wp\/v2\/categories?post=14370"},{"taxonomy":"post_tag","embeddable":true,"href":"https:\/\/laultimapalabra.com.mx\/portal\/wp-json\/wp\/v2\/tags?post=14370"}],"curies":[{"name":"wp","href":"https:\/\/api.w.org\/{rel}","templated":true}]}}