                       {"id":14463,"date":"2020-04-23T16:34:58","date_gmt":"2020-04-23T21:34:58","guid":{"rendered":"http:\/\/laultimapalabra.info\/?p=14463"},"modified":"2024-12-11T10:01:08","modified_gmt":"2024-12-11T16:01:08","slug":"regresara-poder-judicial-el-6-de-mayo","status":"publish","type":"post","link":"https:\/\/laultimapalabra.com.mx\/portal\/regresara-poder-judicial-el-6-de-mayo\/","title":{"rendered":"Regresar\u00e1 Poder Judicial el 6 de mayo"},"content":{"rendered":"<div class=\"\" data-block=\"true\" data-editor=\"e0gu8\" data-offset-key=\"26b5v-0-0\">\n<div class=\"_1mf _1mj\" style=\"text-align: justify;\" data-offset-key=\"26b5v-0-0\"><span style=\"font-size: 1rem;\"><img loading=\"lazy\" decoding=\"async\" class=\"size-medium wp-image-14464 alignleft\" src=\"https:\/\/laultimapalabra.com.mx\/portal\/wp-content\/uploads\/2020\/04\/8788521-200x300.jpg\" alt=\"\" width=\"200\" height=\"300\" srcset=\"https:\/\/laultimapalabra.com.mx\/portal\/wp-content\/uploads\/2020\/04\/8788521-200x300.jpg 200w, https:\/\/laultimapalabra.com.mx\/portal\/wp-content\/uploads\/2020\/04\/8788521.jpg 353w\" sizes=\"auto, (max-width: 200px) 100vw, 200px\" \/>Monterrey, N. L..- El Poder Judicial de Nuevo Le\u00f3n emiti\u00f3 un acuerdo para reanudar gradualmente funciones a partir del 6 de mayo pr\u00f3ximo que consiste en empezar a emitir resoluciones y sentencias, pero a\u00fan sin correr los plazos legales.<\/span><\/div>\n<\/div>\n<div class=\"\" style=\"text-align: justify;\" data-block=\"true\" data-editor=\"e0gu8\" data-offset-key=\"c39so-0-0\">\n<div class=\"_1mf _1mj\" data-offset-key=\"c39so-0-0\"><span data-offset-key=\"c39so-0-0\">\u00a0<\/span><\/div>\n<\/div>\n<div class=\"\" style=\"text-align: justify;\" data-block=\"true\" data-editor=\"e0gu8\" data-offset-key=\"fusou-0-0\">\n<div class=\"_1mf _1mj\" data-offset-key=\"fusou-0-0\"><span data-offset-key=\"fusou-0-0\">En el acuerdo 8\/2020-II, avalado ayer por los plenos del Tribunal Superior de Justicia y el Consejo de la Judicatura, se establece que es prioritario empezar a emitir resoluciones.<\/span><\/div>\n<\/div>\n<div class=\"\" style=\"text-align: justify;\" data-block=\"true\" data-editor=\"e0gu8\" data-offset-key=\"7bte8-0-0\">\n<div class=\"_1mf _1mj\" data-offset-key=\"7bte8-0-0\"><span data-offset-key=\"7bte8-0-0\">\u00a0<\/span><\/div>\n<\/div>\n<div class=\"\" style=\"text-align: justify;\" data-block=\"true\" data-editor=\"e0gu8\" data-offset-key=\"dniso-0-0\">\n<div class=\"_1mf _1mj\" data-offset-key=\"dniso-0-0\"><span data-offset-key=\"dniso-0-0\">&#8220;Las autoridades judiciales estar\u00e1n obligadas a emitir sus resoluciones y sentencias en los asuntos de su conocimiento, as\u00ed como procurar, en la medida de lo posible, la ejecuci\u00f3n de las mismas&#8221;, se detalla en el Art\u00edculo 2, de las denominadas acciones extraordinarias.<\/span><\/div>\n<\/div>\n<div class=\"\" style=\"text-align: justify;\" data-block=\"true\" data-editor=\"e0gu8\" data-offset-key=\"6dsb9-0-0\">\n<div class=\"_1mf _1mj\" data-offset-key=\"6dsb9-0-0\"><span data-offset-key=\"6dsb9-0-0\">\u00a0<\/span><\/div>\n<\/div>\n<div class=\"\" style=\"text-align: justify;\" data-block=\"true\" data-editor=\"e0gu8\" data-offset-key=\"eit4a-0-0\">\n<div class=\"_1mf _1mj\" data-offset-key=\"eit4a-0-0\"><span data-offset-key=\"eit4a-0-0\">Sin embargo, los plazos y t\u00e9rminos legales se mantendr\u00e1n suspendidos y no correr\u00e1n los t\u00e9rminos para los actos procesales, exceptu\u00e1ndose los plazos constitucionales en materia penal y de justicia para adolescentes.<\/span><\/div>\n<\/div>\n<div class=\"\" style=\"text-align: justify;\" data-block=\"true\" data-editor=\"e0gu8\" data-offset-key=\"br4ge-0-0\">\n<div class=\"_1mf _1mj\" data-offset-key=\"br4ge-0-0\"><span data-offset-key=\"br4ge-0-0\">\u00a0<\/span><\/div>\n<\/div>\n<div class=\"\" style=\"text-align: justify;\" data-block=\"true\" data-editor=\"e0gu8\" data-offset-key=\"3f5i4-0-0\">\n<div class=\"_1mf _1mj\" data-offset-key=\"3f5i4-0-0\"><span data-offset-key=\"3f5i4-0-0\">En el acuerdo tambi\u00e9n se avala el regreso de audiencias a distancia en los procesos judiciales de todas las materias mediante videoconferencias, y el caso de las audiencias que tengan que ser presenciales se impide el acceso al p\u00fablico y s\u00f3lo podr\u00e1n ingresar las partes.<\/span><\/div>\n<\/div>\n<div class=\"\" style=\"text-align: justify;\" data-block=\"true\" data-editor=\"e0gu8\" data-offset-key=\"cp1bc-0-0\">\n<div class=\"_1mf _1mj\" data-offset-key=\"cp1bc-0-0\"><span data-offset-key=\"cp1bc-0-0\">\u00a0<\/span><\/div>\n<\/div>\n<div class=\"\" style=\"text-align: justify;\" data-block=\"true\" data-editor=\"e0gu8\" data-offset-key=\"5qhkd-0-0\">\n<div class=\"_1mf _1mj\" data-offset-key=\"5qhkd-0-0\"><span data-offset-key=\"5qhkd-0-0\">Tambi\u00e9n incluyen aval para la implementaci\u00f3n y uso de un m\u00f3dulo virtual, denominado Notificaciones UMC; la implementaci\u00f3n y uso de videollamadas para que las partes, sus abogados y dem\u00e1s interesados que por ley tengan acceso al expediente; y la implementaci\u00f3n de m\u00f3dulo virtual, denominado Oficial\u00eda de Partes Virtual.<\/span><\/div>\n<\/div>\n<div class=\"\" style=\"text-align: justify;\" data-block=\"true\" data-editor=\"e0gu8\" data-offset-key=\"2mal8-0-0\">\n<div class=\"_1mf _1mj\" data-offset-key=\"2mal8-0-0\"><span data-offset-key=\"2mal8-0-0\">\u00a0<\/span><\/div>\n<\/div>\n<div class=\"\" style=\"text-align: justify;\" data-block=\"true\" data-editor=\"e0gu8\" data-offset-key=\"5hk82-0-0\">\n<div class=\"_1mf _1mj\" data-offset-key=\"5hk82-0-0\"><span data-offset-key=\"5hk82-0-0\">Las sesiones del Pleno del TSJ y del CJ deber\u00e1n ser de manera virtual, de igual forma las sesiones de las comisiones y comit\u00e9s que integran el Poder Judicial.<\/span><\/div>\n<\/div>\n<div class=\"\" style=\"text-align: justify;\" data-block=\"true\" data-editor=\"e0gu8\" data-offset-key=\"di047-0-0\">\n<div class=\"_1mf _1mj\" data-offset-key=\"di047-0-0\"><span data-offset-key=\"di047-0-0\">\u00a0<\/span><\/div>\n<\/div>\n<div class=\"\" style=\"text-align: justify;\" data-block=\"true\" data-editor=\"e0gu8\" data-offset-key=\"8kkje-0-0\">\n<div class=\"_1mf _1mj\" data-offset-key=\"8kkje-0-0\"><span data-offset-key=\"8kkje-0-0\">Por \u00faltimo, se estableci\u00f3 que se mantiene suspendida la operaci\u00f3n y funcionamiento del Centro Estatal de Convivencia Familiar.<\/span><\/div>\n<\/div>\n<div class=\"\" style=\"text-align: justify;\" data-block=\"true\" data-editor=\"e0gu8\" data-offset-key=\"39ba0-0-0\">\n<div class=\"_1mf _1mj\" data-offset-key=\"39ba0-0-0\"><span data-offset-key=\"39ba0-0-0\">\u00a0<\/span><\/div>\n<\/div>\n<div class=\"\" style=\"text-align: justify;\" data-block=\"true\" data-editor=\"e0gu8\" data-offset-key=\"edj2o-0-0\">\n<div class=\"_1mf _1mj\" data-offset-key=\"edj2o-0-0\"><span data-offset-key=\"edj2o-0-0\">Estas acciones extraordinarias tendr\u00e1n una vigencia del 6 al 30 de mayo pr\u00f3ximo, se detalla en el acuerdo.<\/span><\/div>\n<\/div>\n<div class=\"\" style=\"text-align: justify;\" data-block=\"true\" data-editor=\"e0gu8\" data-offset-key=\"bs2ge-0-0\">\n<div class=\"_1mf _1mj\" data-offset-key=\"bs2ge-0-0\"><span data-offset-key=\"bs2ge-0-0\">\u00a0<\/span><\/div>\n<\/div>\n<div class=\"\" style=\"text-align: justify;\" data-block=\"true\" data-editor=\"e0gu8\" data-offset-key=\"7p3v4-0-0\">\n<div class=\"_1mf _1mj\" data-offset-key=\"7p3v4-0-0\"><span data-offset-key=\"7p3v4-0-0\">Fuentes del Poder Judicial se\u00f1alaron que la reanudaci\u00f3n parcial de actividades se debe a que quieren evitar la saturaci\u00f3n de trabajo y el freno a la impartici\u00f3n de justicia durante la pandemia.<\/span><\/div>\n<\/div>\n<div class=\"\" style=\"text-align: justify;\" data-block=\"true\" data-editor=\"e0gu8\" data-offset-key=\"fc3c2-0-0\">\n<div class=\"_1mf _1mj\" data-offset-key=\"fc3c2-0-0\"><span data-offset-key=\"fc3c2-0-0\">\u00a0<\/span><\/div>\n<\/div>\n<div class=\"\" data-block=\"true\" data-editor=\"e0gu8\" data-offset-key=\"eam1-0-0\">\n<div class=\"_1mf _1mj\" style=\"text-align: justify;\" data-offset-key=\"eam1-0-0\"><span data-offset-key=\"eam1-0-0\">FUENTE: EL NORTE <\/span><\/div>\n<\/div>\n","protected":false},"excerpt":{"rendered":"<p>Monterrey, N. L..- El Poder Judicial de Nuevo Le\u00f3n emiti\u00f3 un acuerdo para reanudar gradualmente funciones a partir del 6 de mayo pr\u00f3ximo que consiste en empezar a emitir resoluciones y sentencias, pero a\u00fan sin correr los plazos legales. \u00a0 En el acuerdo 8\/2020-II, avalado ayer por los plenos del Tribunal Superior de Justicia y [&hellip;]<\/p>\n","protected":false},"author":9,"featured_media":14464,"comment_status":"open","ping_status":"closed","sticky":false,"template":"","format":"standard","meta":{"footnotes":""},"categories":[1],"tags":[],"class_list":["post-14463","post","type-post","status-publish","format-standard","has-post-thumbnail","hentry","category-noticias"],"_links":{"self":[{"href":"https:\/\/laultimapalabra.com.mx\/portal\/wp-json\/wp\/v2\/posts\/14463","targetHints":{"allow":["GET"]}}],"collection":[{"href":"https:\/\/laultimapalabra.com.mx\/portal\/wp-json\/wp\/v2\/posts"}],"about":[{"href":"https:\/\/laultimapalabra.com.mx\/portal\/wp-json\/wp\/v2\/types\/post"}],"author":[{"embeddable":true,"href":"https:\/\/laultimapalabra.com.mx\/portal\/wp-json\/wp\/v2\/users\/9"}],"replies":[{"embeddable":true,"href":"https:\/\/laultimapalabra.com.mx\/portal\/wp-json\/wp\/v2\/comments?post=14463"}],"version-history":[{"count":1,"href":"https:\/\/laultimapalabra.com.mx\/portal\/wp-json\/wp\/v2\/posts\/14463\/revisions"}],"predecessor-version":[{"id":70503,"href":"https:\/\/laultimapalabra.com.mx\/portal\/wp-json\/wp\/v2\/posts\/14463\/revisions\/70503"}],"wp:featuredmedia":[{"embeddable":true,"href":"https:\/\/laultimapalabra.com.mx\/portal\/wp-json\/wp\/v2\/media\/14464"}],"wp:attachment":[{"href":"https:\/\/laultimapalabra.com.mx\/portal\/wp-json\/wp\/v2\/media?parent=14463"}],"wp:term":[{"taxonomy":"category","embeddable":true,"href":"https:\/\/laultimapalabra.com.mx\/portal\/wp-json\/wp\/v2\/categories?post=14463"},{"taxonomy":"post_tag","embeddable":true,"href":"https:\/\/laultimapalabra.com.mx\/portal\/wp-json\/wp\/v2\/tags?post=14463"}],"curies":[{"name":"wp","href":"https:\/\/api.w.org\/{rel}","templated":true}]}}