                       {"id":14471,"date":"2020-04-23T16:42:53","date_gmt":"2020-04-23T21:42:53","guid":{"rendered":"http:\/\/laultimapalabra.info\/?p=14471"},"modified":"2024-12-11T10:01:08","modified_gmt":"2024-12-11T16:01:08","slug":"discriminan-en-juarez-a-joven-enfermero-en-transporte-publico","status":"publish","type":"post","link":"https:\/\/laultimapalabra.com.mx\/portal\/discriminan-en-juarez-a-joven-enfermero-en-transporte-publico\/","title":{"rendered":"Discriminan en Ju\u00e1rez a joven enfermero en transporte p\u00fablico"},"content":{"rendered":"<p style=\"text-align: justify;\"><img loading=\"lazy\" decoding=\"async\" class=\"size-medium wp-image-14467 alignleft\" src=\"https:\/\/laultimapalabra.com.mx\/portal\/wp-content\/uploads\/2020\/04\/uziel-carranco_0_44_720_448-300x187.jpg\" alt=\"\" width=\"300\" height=\"187\" \/>Ju\u00e1rez, N. L.- Un joven enfermero fue v\u00edctima de discriminaci\u00f3n por parte de un chofer de la Ruta 2 Ramal Ju\u00e1rez al impedirle subir a su unidad por portar su uniforme de enfermero.<\/p>\n<p style=\"text-align: justify;\">El incidente ocurri\u00f3 en este municipio cuando el joven identificado como Uziel Carranco, denunci\u00f3 que fue v\u00edctima del rechaz\u00f3 infundado al querer trasladarse hacia su empleo, por lo que entre l\u00e1grimas relat\u00f3 el incidente a trav\u00e9s de un video en sus redes sociales, donde explic\u00f3 que tras veinte minutos de espera el chofer de la unidad urbana al verlo portar su uniforme de enfermero le impidi\u00f3 el acceso al transporte, y esto mientras el afectado portaba su cubre bocas como se marcan las medidas de prevenci\u00f3n sanitarias.<\/p>\n<p style=\"text-align: justify;\">Asimismo, durante su video el joven precis\u00f3 que es importante que se comparta su historia para crear conciencia y evitar que m\u00e1s compa\u00f1eros sufran agresiones.<\/p>\n<p style=\"text-align: justify;\">Afortunadamente, adem\u00e1s de haber podido acceder sin problemas a otra unidad de transporte p\u00fablico y llegar a tiempo a su destino, parece que esta historia tendr\u00e1 un final feliz, pues tras viralizarse la discriminaci\u00f3n de la que el joven enfermero fue v\u00edctima, el vidente Farath Coronel etiqueto al joven en un video que public\u00f3 donde le promete que la pr\u00f3xima semana viajar\u00e1 de la CDMX a Monterrey, con el fin de obsequiarle un autom\u00f3vil para que pueda ir y venir a su trabajo como un buen enfermero.<\/p>\n<p style=\"text-align: justify;\">fuente: MILENIO<\/p>\n","protected":false},"excerpt":{"rendered":"<p>Ju\u00e1rez, N. L.- Un joven enfermero fue v\u00edctima de discriminaci\u00f3n por parte de un chofer de la Ruta 2 Ramal Ju\u00e1rez al impedirle subir a su unidad por portar su uniforme de enfermero. El incidente ocurri\u00f3 en este municipio cuando el joven identificado como Uziel Carranco, denunci\u00f3 que fue v\u00edctima del rechaz\u00f3 infundado al querer [&hellip;]<\/p>\n","protected":false},"author":9,"featured_media":14467,"comment_status":"open","ping_status":"closed","sticky":false,"template":"","format":"standard","meta":{"footnotes":""},"categories":[18],"tags":[2433,2500],"class_list":["post-14471","post","type-post","status-publish","format-standard","has-post-thumbnail","hentry","category-locales-juarez","tag-covid-19-juarez","tag-discriminacion-covid-19"],"_links":{"self":[{"href":"https:\/\/laultimapalabra.com.mx\/portal\/wp-json\/wp\/v2\/posts\/14471","targetHints":{"allow":["GET"]}}],"collection":[{"href":"https:\/\/laultimapalabra.com.mx\/portal\/wp-json\/wp\/v2\/posts"}],"about":[{"href":"https:\/\/laultimapalabra.com.mx\/portal\/wp-json\/wp\/v2\/types\/post"}],"author":[{"embeddable":true,"href":"https:\/\/laultimapalabra.com.mx\/portal\/wp-json\/wp\/v2\/users\/9"}],"replies":[{"embeddable":true,"href":"https:\/\/laultimapalabra.com.mx\/portal\/wp-json\/wp\/v2\/comments?post=14471"}],"version-history":[{"count":1,"href":"https:\/\/laultimapalabra.com.mx\/portal\/wp-json\/wp\/v2\/posts\/14471\/revisions"}],"predecessor-version":[{"id":70505,"href":"https:\/\/laultimapalabra.com.mx\/portal\/wp-json\/wp\/v2\/posts\/14471\/revisions\/70505"}],"wp:featuredmedia":[{"embeddable":true,"href":"https:\/\/laultimapalabra.com.mx\/portal\/wp-json\/"}],"wp:attachment":[{"href":"https:\/\/laultimapalabra.com.mx\/portal\/wp-json\/wp\/v2\/media?parent=14471"}],"wp:term":[{"taxonomy":"category","embeddable":true,"href":"https:\/\/laultimapalabra.com.mx\/portal\/wp-json\/wp\/v2\/categories?post=14471"},{"taxonomy":"post_tag","embeddable":true,"href":"https:\/\/laultimapalabra.com.mx\/portal\/wp-json\/wp\/v2\/tags?post=14471"}],"curies":[{"name":"wp","href":"https:\/\/api.w.org\/{rel}","templated":true}]}}