                       {"id":14475,"date":"2020-04-23T17:06:14","date_gmt":"2020-04-23T22:06:14","guid":{"rendered":"http:\/\/laultimapalabra.info\/?p=14475"},"modified":"2024-12-11T10:01:08","modified_gmt":"2024-12-11T16:01:08","slug":"apagan-bomberos-cadereyta-incendio-de-auto-en-la-bonfil","status":"publish","type":"post","link":"https:\/\/laultimapalabra.com.mx\/portal\/apagan-bomberos-cadereyta-incendio-de-auto-en-la-bonfil\/","title":{"rendered":"Apagan Bomberos Cadereyta incendio de auto en la Bonfil\u00a0"},"content":{"rendered":"<p style=\"text-align: justify;\"><img loading=\"lazy\" decoding=\"async\" class=\"size-medium wp-image-14469 alignright\" src=\"https:\/\/laultimapalabra.com.mx\/portal\/wp-content\/uploads\/2020\/04\/WhatsApp-Image-2020-04-23-at-10.48.00-AM-300x225.jpeg\" alt=\"\" width=\"300\" height=\"225\" \/>Cadereyta Jim\u00e9nez, N. L.- Los bomberos de esta ciudad acudieron a un reporte, donde se alertaba a los servicios de emergencia por el incendio de un auto en la colonia Alfredo V Bonfil, particularmente sobre la calle Fernando Montes de Oca cruz con L\u00f3pez Mateos.<\/p>\n<p style=\"text-align: justify;\">Los apagafuegos acudieron al siniestro apagando el auto Spirit modelo 1994 que sufri\u00f3 una p\u00e9rdida total para su propietario, desconoci\u00e9ndose hasta el momento las causas que originaron este incendio que alarm\u00f3 a los vecinos de la populosa colonia, pero que se presume pudo haber sido provocado por un corto circuito en el veh\u00edculo.<\/p>\n","protected":false},"excerpt":{"rendered":"<p>Cadereyta Jim\u00e9nez, N. L.- Los bomberos de esta ciudad acudieron a un reporte, donde se alertaba a los servicios de emergencia por el incendio de un auto en la colonia Alfredo V Bonfil, particularmente sobre la calle Fernando Montes de Oca cruz con L\u00f3pez Mateos. Los apagafuegos acudieron al siniestro apagando el auto Spirit modelo [&hellip;]<\/p>\n","protected":false},"author":9,"featured_media":14469,"comment_status":"open","ping_status":"closed","sticky":false,"template":"","format":"standard","meta":{"footnotes":""},"categories":[17,8,9],"tags":[1172,1260,2136],"class_list":["post-14475","post","type-post","status-publish","format-standard","has-post-thumbnail","hentry","category-locales-cadereyta","category-seguridad","category-seguridad-cadereyta","tag-guillermo-de-leon-delgado","tag-incendios-cadereyta","tag-servicios-de-emergencias-cadereyta"],"_links":{"self":[{"href":"https:\/\/laultimapalabra.com.mx\/portal\/wp-json\/wp\/v2\/posts\/14475","targetHints":{"allow":["GET"]}}],"collection":[{"href":"https:\/\/laultimapalabra.com.mx\/portal\/wp-json\/wp\/v2\/posts"}],"about":[{"href":"https:\/\/laultimapalabra.com.mx\/portal\/wp-json\/wp\/v2\/types\/post"}],"author":[{"embeddable":true,"href":"https:\/\/laultimapalabra.com.mx\/portal\/wp-json\/wp\/v2\/users\/9"}],"replies":[{"embeddable":true,"href":"https:\/\/laultimapalabra.com.mx\/portal\/wp-json\/wp\/v2\/comments?post=14475"}],"version-history":[{"count":1,"href":"https:\/\/laultimapalabra.com.mx\/portal\/wp-json\/wp\/v2\/posts\/14475\/revisions"}],"predecessor-version":[{"id":70509,"href":"https:\/\/laultimapalabra.com.mx\/portal\/wp-json\/wp\/v2\/posts\/14475\/revisions\/70509"}],"wp:featuredmedia":[{"embeddable":true,"href":"https:\/\/laultimapalabra.com.mx\/portal\/wp-json\/"}],"wp:attachment":[{"href":"https:\/\/laultimapalabra.com.mx\/portal\/wp-json\/wp\/v2\/media?parent=14475"}],"wp:term":[{"taxonomy":"category","embeddable":true,"href":"https:\/\/laultimapalabra.com.mx\/portal\/wp-json\/wp\/v2\/categories?post=14475"},{"taxonomy":"post_tag","embeddable":true,"href":"https:\/\/laultimapalabra.com.mx\/portal\/wp-json\/wp\/v2\/tags?post=14475"}],"curies":[{"name":"wp","href":"https:\/\/api.w.org\/{rel}","templated":true}]}}