                       {"id":145,"date":"2018-02-01T22:15:38","date_gmt":"2018-02-01T22:15:38","guid":{"rendered":"http:\/\/laultimapalabra.info\/?p=145"},"modified":"2024-12-11T08:36:54","modified_gmt":"2024-12-11T14:36:54","slug":"por-el-pan-es-jose-luz-precandidato","status":"publish","type":"post","link":"https:\/\/laultimapalabra.com.mx\/portal\/por-el-pan-es-jose-luz-precandidato\/","title":{"rendered":"Por el PAN\u2026  Es Jos\u00e9 Luz precandidato"},"content":{"rendered":"<p style=\"text-align: justify;\"><img loading=\"lazy\" decoding=\"async\" class=\"size-medium wp-image-184 alignleft\" src=\"https:\/\/laultimapalabra.com.mx\/portal\/wp-content\/uploads\/2018\/02\/DSCN7438-e1517540638356-225x300.jpg\" alt=\"\" width=\"225\" height=\"300\" \/>El empresario y ex diputado local juarense busca reconquistar a los panistas y ser el candidato de su partido.<\/p>\n<p style=\"text-align: justify;\">Miguel Oscar P\u00e9rez<\/p>\n<p style=\"text-align: justify;\">CD. BENITO JU\u00c1REZ, N.L.-\u00a0El pasado domingo 28 de enero en punto de las 12:00 del mediod\u00eda, se registr\u00f3 en las oficinas estatales del Partido Acci\u00f3n Nacional como aspirante a la alcald\u00eda de Ju\u00e1rez, el empresario Jos\u00e9 Luz Garza Garza.<\/p>\n<p style=\"text-align: justify;\">\u201cSali\u00f3 la convocatoria de nuestro partido y acudimos a registrarnos como precandidatos y tendremos que tener nuestra elecci\u00f3n interna en el mes de febrero\u201d, expres\u00f3 tambi\u00e9n el empresario gastron\u00f3mico.<\/p>\n<p style=\"text-align: justify;\">Expres\u00f3 que fue acompa\u00f1ado por vecinos de Ju\u00e1rez, amigos y familiares conviviendo en el evento de su registro, en el edificio del PAN estatal, ubicado en la calle Escobedo y Trevi\u00f1o en la zona centro de Monterrey.<\/p>\n<p style=\"text-align: justify;\">Dijo que ahora toca trabajar al interior del partido con los militantes para esperar la fecha donde se elegir\u00e1 al candidato para la alcald\u00eda por el PAN.<\/p>\n<p style=\"text-align: justify;\">\u201cNo sabemos qui\u00e9nes son o ser\u00e1n los candidatos oficiales se habla de los otros partidos adversarios est\u00e1 el actual alcalde, Heriberto Trevi\u00f1o, se habla que est\u00e1 Am\u00e9rico Garza Salinas, quien anda en la recolecci\u00f3n de firmas como independiente, tambi\u00e9n en Morena va a participar un ex alcalde el doctor Felipe Hern\u00e1ndez, habr\u00e1 mucho de donde disfrutar de muchas personalidades, de actores dentro de los ayuntamientos en este 2018.<\/p>\n<p style=\"text-align: justify;\">Dijo que su apuesta por el PAN es porque es un partido fuerte ya que en otros municipios su partido se encuentra muy bien posicionado por su forma de gobernar y de los sistemas que existen implementados por el PAN.<\/p>\n<p style=\"text-align: justify;\">Mencion\u00f3 que sus compa\u00f1eros de partido reaccionaron muy favorablemente y le brindaron su apoyo, por lo que conf\u00eda en ser el pr\u00f3ximo candidato del PAN.<\/p>\n<p style=\"text-align: justify;\">\u201cTendremos que permear hacia afuera con todos los ciudadanos de Ju\u00e1rez, donde les platicaremos cuales son nuestros proyectos para llegar y tener una muy buen administraci\u00f3n y puedan llegar todos los recursos a cada rinc\u00f3n de Ju\u00e1rez\u201d, se\u00f1al\u00f3.<\/p>\n<p style=\"text-align: justify;\">\u201cSoy empresario, tengo 55 a\u00f1os de edad tengo mi actividad comercial, estamos metidos en los negocios de alimentos, es una actividad que hemos venido desempe\u00f1ando desde adolescentes y me ha tocado participar siempre en el tema de alimentos, en el tema de gastron\u00f3mico., pero en el \u00e1mbito p\u00fablico ya fui electo diputado local por el distrito 22 en el a\u00f1o 2012\u201d, dijo el pol\u00edtico originario de la Hacienda Carricitos de esta ciudad.<\/p>\n","protected":false},"excerpt":{"rendered":"<p>El empresario y ex diputado local juarense busca reconquistar a los panistas y ser el candidato de su partido. Miguel Oscar P\u00e9rez CD. BENITO JU\u00c1REZ, N.L.-\u00a0El pasado domingo 28 de enero en punto de las 12:00 del mediod\u00eda, se registr\u00f3 en las oficinas estatales del Partido Acci\u00f3n Nacional como aspirante a la alcald\u00eda de Ju\u00e1rez, [&hellip;]<\/p>\n","protected":false},"author":9,"featured_media":184,"comment_status":"open","ping_status":"closed","sticky":false,"template":"","format":"standard","meta":{"footnotes":""},"categories":[18],"tags":[948,1341,1693],"class_list":["post-145","post","type-post","status-publish","format-standard","has-post-thumbnail","hentry","category-locales-juarez","tag-elecciones-2018","tag-jose-luz-garza-garza","tag-pan-juarez"],"_links":{"self":[{"href":"https:\/\/laultimapalabra.com.mx\/portal\/wp-json\/wp\/v2\/posts\/145","targetHints":{"allow":["GET"]}}],"collection":[{"href":"https:\/\/laultimapalabra.com.mx\/portal\/wp-json\/wp\/v2\/posts"}],"about":[{"href":"https:\/\/laultimapalabra.com.mx\/portal\/wp-json\/wp\/v2\/types\/post"}],"author":[{"embeddable":true,"href":"https:\/\/laultimapalabra.com.mx\/portal\/wp-json\/wp\/v2\/users\/9"}],"replies":[{"embeddable":true,"href":"https:\/\/laultimapalabra.com.mx\/portal\/wp-json\/wp\/v2\/comments?post=145"}],"version-history":[{"count":1,"href":"https:\/\/laultimapalabra.com.mx\/portal\/wp-json\/wp\/v2\/posts\/145\/revisions"}],"predecessor-version":[{"id":63155,"href":"https:\/\/laultimapalabra.com.mx\/portal\/wp-json\/wp\/v2\/posts\/145\/revisions\/63155"}],"wp:featuredmedia":[{"embeddable":true,"href":"https:\/\/laultimapalabra.com.mx\/portal\/wp-json\/"}],"wp:attachment":[{"href":"https:\/\/laultimapalabra.com.mx\/portal\/wp-json\/wp\/v2\/media?parent=145"}],"wp:term":[{"taxonomy":"category","embeddable":true,"href":"https:\/\/laultimapalabra.com.mx\/portal\/wp-json\/wp\/v2\/categories?post=145"},{"taxonomy":"post_tag","embeddable":true,"href":"https:\/\/laultimapalabra.com.mx\/portal\/wp-json\/wp\/v2\/tags?post=145"}],"curies":[{"name":"wp","href":"https:\/\/api.w.org\/{rel}","templated":true}]}}