                       {"id":14500,"date":"2020-04-24T15:29:49","date_gmt":"2020-04-24T20:29:49","guid":{"rendered":"http:\/\/laultimapalabra.info\/?p=14500"},"modified":"2024-12-11T10:01:09","modified_gmt":"2024-12-11T16:01:09","slug":"continua-gobierno-de-juarez-intensificando-medidas-contra-el-coronavirus","status":"publish","type":"post","link":"https:\/\/laultimapalabra.com.mx\/portal\/continua-gobierno-de-juarez-intensificando-medidas-contra-el-coronavirus\/","title":{"rendered":"Continua Gobierno de Ju\u00e1rez intensificando medidas contra el Coronavirus"},"content":{"rendered":"<p style=\"text-align: justify;\"><img loading=\"lazy\" decoding=\"async\" class=\"size-medium wp-image-14502 alignleft\" src=\"https:\/\/laultimapalabra.com.mx\/portal\/wp-content\/uploads\/2020\/04\/WhatsApp-Image-2020-04-24-at-1.27.52-PM-300x146.jpeg\" alt=\"\" width=\"300\" height=\"146\" srcset=\"https:\/\/laultimapalabra.com.mx\/portal\/wp-content\/uploads\/2020\/04\/WhatsApp-Image-2020-04-24-at-1.27.52-PM-300x146.jpeg 300w, https:\/\/laultimapalabra.com.mx\/portal\/wp-content\/uploads\/2020\/04\/WhatsApp-Image-2020-04-24-at-1.27.52-PM-768x373.jpeg 768w, https:\/\/laultimapalabra.com.mx\/portal\/wp-content\/uploads\/2020\/04\/WhatsApp-Image-2020-04-24-at-1.27.52-PM.jpeg 960w\" sizes=\"auto, (max-width: 300px) 100vw, 300px\" \/>Ju\u00e1rez, N. L.- El Gobierno encabezado por Heriberto Trevi\u00f1o Cant\u00fa, continua con la intensificaci\u00f3n de la sanitizaci\u00f3n y \u00a0las medidas para el combate al coronavirus, adem\u00e1s de recalcar el llamado a toda la poblaci\u00f3n juarense a quedarse en casa sobre todo ahora que el pa\u00eds ha entrado a la fase 3 y el crecimiento de n\u00fameros de casos en Ju\u00e1rez, va en aumento.<\/p>\n<p style=\"text-align: justify;\">Por lo que se ha estado sanitizando los puntos de mayor aglomeraci\u00f3n en el municipio como tiendas de conveniencia, paradas de camiones, etc.<\/p>\n","protected":false},"excerpt":{"rendered":"<p>Ju\u00e1rez, N. L.- El Gobierno encabezado por Heriberto Trevi\u00f1o Cant\u00fa, continua con la intensificaci\u00f3n de la sanitizaci\u00f3n y \u00a0las medidas para el combate al coronavirus, adem\u00e1s de recalcar el llamado a toda la poblaci\u00f3n juarense a quedarse en casa sobre todo ahora que el pa\u00eds ha entrado a la fase 3 y el crecimiento de [&hellip;]<\/p>\n","protected":false},"author":9,"featured_media":14501,"comment_status":"open","ping_status":"closed","sticky":false,"template":"","format":"standard","meta":{"footnotes":""},"categories":[18],"tags":[2433,1188],"class_list":["post-14500","post","type-post","status-publish","format-standard","has-post-thumbnail","hentry","category-locales-juarez","tag-covid-19-juarez","tag-heriberto-trevino-cantu"],"_links":{"self":[{"href":"https:\/\/laultimapalabra.com.mx\/portal\/wp-json\/wp\/v2\/posts\/14500","targetHints":{"allow":["GET"]}}],"collection":[{"href":"https:\/\/laultimapalabra.com.mx\/portal\/wp-json\/wp\/v2\/posts"}],"about":[{"href":"https:\/\/laultimapalabra.com.mx\/portal\/wp-json\/wp\/v2\/types\/post"}],"author":[{"embeddable":true,"href":"https:\/\/laultimapalabra.com.mx\/portal\/wp-json\/wp\/v2\/users\/9"}],"replies":[{"embeddable":true,"href":"https:\/\/laultimapalabra.com.mx\/portal\/wp-json\/wp\/v2\/comments?post=14500"}],"version-history":[{"count":1,"href":"https:\/\/laultimapalabra.com.mx\/portal\/wp-json\/wp\/v2\/posts\/14500\/revisions"}],"predecessor-version":[{"id":70523,"href":"https:\/\/laultimapalabra.com.mx\/portal\/wp-json\/wp\/v2\/posts\/14500\/revisions\/70523"}],"wp:featuredmedia":[{"embeddable":true,"href":"https:\/\/laultimapalabra.com.mx\/portal\/wp-json\/wp\/v2\/media\/14501"}],"wp:attachment":[{"href":"https:\/\/laultimapalabra.com.mx\/portal\/wp-json\/wp\/v2\/media?parent=14500"}],"wp:term":[{"taxonomy":"category","embeddable":true,"href":"https:\/\/laultimapalabra.com.mx\/portal\/wp-json\/wp\/v2\/categories?post=14500"},{"taxonomy":"post_tag","embeddable":true,"href":"https:\/\/laultimapalabra.com.mx\/portal\/wp-json\/wp\/v2\/tags?post=14500"}],"curies":[{"name":"wp","href":"https:\/\/api.w.org\/{rel}","templated":true}]}}