                       {"id":14530,"date":"2020-04-27T17:08:53","date_gmt":"2020-04-27T22:08:53","guid":{"rendered":"http:\/\/laultimapalabra.info\/?p=14530"},"modified":"2024-12-11T10:01:09","modified_gmt":"2024-12-11T16:01:09","slug":"roban-con-violencia-tractocamion-en-cadereyta","status":"publish","type":"post","link":"https:\/\/laultimapalabra.com.mx\/portal\/roban-con-violencia-tractocamion-en-cadereyta\/","title":{"rendered":"Roban con violencia tractocami\u00f3n en Cadereyta\u00a0"},"content":{"rendered":"<div id=\"attachment_14531\" style=\"width: 310px\" class=\"wp-caption alignright\"><img loading=\"lazy\" decoding=\"async\" aria-describedby=\"caption-attachment-14531\" class=\"size-medium wp-image-14531\" src=\"https:\/\/laultimapalabra.com.mx\/portal\/wp-content\/uploads\/2020\/04\/maxresdefault-300x169.jpg\" alt=\"\" width=\"300\" height=\"169\" srcset=\"https:\/\/laultimapalabra.com.mx\/portal\/wp-content\/uploads\/2020\/04\/maxresdefault-300x169.jpg 300w, https:\/\/laultimapalabra.com.mx\/portal\/wp-content\/uploads\/2020\/04\/maxresdefault-1024x576.jpg 1024w, https:\/\/laultimapalabra.com.mx\/portal\/wp-content\/uploads\/2020\/04\/maxresdefault-768x432.jpg 768w, https:\/\/laultimapalabra.com.mx\/portal\/wp-content\/uploads\/2020\/04\/maxresdefault.jpg 1280w\" sizes=\"auto, (max-width: 300px) 100vw, 300px\" \/><p id=\"caption-attachment-14531\" class=\"wp-caption-text\">Similar al de la foto<\/p><\/div>\n<p style=\"text-align: justify;\">Cadereyta Jim\u00e9nez, N L.- El d\u00eda de hoy alrededor de las 7:00 de la ma\u00f1ana, se registr\u00f3 un robo de veh\u00edculo con violencia sobre la Carretera Monterrey Cadereyta, en este municipio.<\/p>\n<p style=\"text-align: justify;\">Siendo un tractocamion marca Freightliner modelo 1993 en color Blanco con placas de circulaci\u00f3n 235DR2 el cual llevaba cajas cargadas con 18 toneladas de carne, de las cuales no se cuenta con datos por parte de las autoridades, el veh\u00edculo robado.<\/p>\n<p style=\"text-align: justify;\">Los hechos se suscitaron al estar el chofer con un cliente para descargar la mercanc\u00eda, cuando tres sujetos se bajan de veh\u00edculos y amagan al chofer y a su hermano mediante arma de fuego para llev\u00e1rselos y despu\u00e9s dejarlos m\u00e1s delante en un monte dentro de un terreno.<\/p>\n","protected":false},"excerpt":{"rendered":"<p>Cadereyta Jim\u00e9nez, N L.- El d\u00eda de hoy alrededor de las 7:00 de la ma\u00f1ana, se registr\u00f3 un robo de veh\u00edculo con violencia sobre la Carretera Monterrey Cadereyta, en este municipio. Siendo un tractocamion marca Freightliner modelo 1993 en color Blanco con placas de circulaci\u00f3n 235DR2 el cual llevaba cajas cargadas con 18 toneladas de [&hellip;]<\/p>\n","protected":false},"author":9,"featured_media":14531,"comment_status":"open","ping_status":"closed","sticky":false,"template":"","format":"standard","meta":{"footnotes":""},"categories":[8,9],"tags":[2039],"class_list":["post-14530","post","type-post","status-publish","format-standard","has-post-thumbnail","hentry","category-seguridad","category-seguridad-cadereyta","tag-robos-cadereyta"],"_links":{"self":[{"href":"https:\/\/laultimapalabra.com.mx\/portal\/wp-json\/wp\/v2\/posts\/14530","targetHints":{"allow":["GET"]}}],"collection":[{"href":"https:\/\/laultimapalabra.com.mx\/portal\/wp-json\/wp\/v2\/posts"}],"about":[{"href":"https:\/\/laultimapalabra.com.mx\/portal\/wp-json\/wp\/v2\/types\/post"}],"author":[{"embeddable":true,"href":"https:\/\/laultimapalabra.com.mx\/portal\/wp-json\/wp\/v2\/users\/9"}],"replies":[{"embeddable":true,"href":"https:\/\/laultimapalabra.com.mx\/portal\/wp-json\/wp\/v2\/comments?post=14530"}],"version-history":[{"count":1,"href":"https:\/\/laultimapalabra.com.mx\/portal\/wp-json\/wp\/v2\/posts\/14530\/revisions"}],"predecessor-version":[{"id":70539,"href":"https:\/\/laultimapalabra.com.mx\/portal\/wp-json\/wp\/v2\/posts\/14530\/revisions\/70539"}],"wp:featuredmedia":[{"embeddable":true,"href":"https:\/\/laultimapalabra.com.mx\/portal\/wp-json\/wp\/v2\/media\/14531"}],"wp:attachment":[{"href":"https:\/\/laultimapalabra.com.mx\/portal\/wp-json\/wp\/v2\/media?parent=14530"}],"wp:term":[{"taxonomy":"category","embeddable":true,"href":"https:\/\/laultimapalabra.com.mx\/portal\/wp-json\/wp\/v2\/categories?post=14530"},{"taxonomy":"post_tag","embeddable":true,"href":"https:\/\/laultimapalabra.com.mx\/portal\/wp-json\/wp\/v2\/tags?post=14530"}],"curies":[{"name":"wp","href":"https:\/\/api.w.org\/{rel}","templated":true}]}}