                       {"id":1455,"date":"2018-05-04T00:39:56","date_gmt":"2018-05-04T00:39:56","guid":{"rendered":"http:\/\/laultimapalabra.info\/?p=1455"},"modified":"2024-12-11T08:37:10","modified_gmt":"2024-12-11T14:37:10","slug":"yo-si-voy-contra-preciado-y-su-pandilla-tenchis","status":"publish","type":"post","link":"https:\/\/laultimapalabra.com.mx\/portal\/yo-si-voy-contra-preciado-y-su-pandilla-tenchis\/","title":{"rendered":"\u201cYo si voy contra  Preciado y su pandilla\u201d: Tenchis"},"content":{"rendered":"<p style=\"text-align: justify;\"><img loading=\"lazy\" decoding=\"async\" class=\"size-medium wp-image-1456 alignleft\" src=\"https:\/\/laultimapalabra.com.mx\/portal\/wp-content\/uploads\/2018\/05\/A-ESTA-INTERIOR-225x300.jpg\" alt=\"\" width=\"225\" height=\"300\" \/>\u201cAl parecer los otros candidatos s\u00ed hicieron compromiso con \u00e9l, porque nadie menciona la palabra Preciado, no lo quieren tocar, a pesar de ser un clamor del pueblo el hacer justicia e investigar sus cuentas\u201d<\/p>\n<p style=\"text-align: justify;\">Miguel Oscar P\u00e9rez<br \/>\nCADEREYTA JIM\u00c9NEZ, N.L.-<br \/>\nSorprende Tenchis Garc\u00eda al reportero por lo tajante de las respuestas y el \u00e9nfasis en las mismas al hablar de la actual administraci\u00f3n y su compromiso con la ciudadan\u00eda.<br \/>\nDe entrada advierte que no tiene ning\u00fan nexo, ni compromiso con la actual administraci\u00f3n del alcalde Jos\u00e9 Santiago Preciado Robles.<br \/>\n\u201cYo s\u00ed voy contra Preciado y su pandilla, voy a investigar lo que tenga que investigar hasta sus \u00faltimas consecuencias y se castigar\u00e1 a quien se encuentre responsable\u201d, \u201cno se puede burlar as\u00ed de todos nosotros\u201d, agrega.<br \/>\nAsegura que ella no pertenece al PAN, pero fue invitada por el PAN estatal para buscar la alcald\u00eda de Cadereyta, no por la actual administraci\u00f3n municipal, por lo tanto no hay ning\u00fan v\u00ednculo ni compromiso para omitir u ocultar cualquier acto de corrupci\u00f3n.<br \/>\n\u201c\u00a1Estamos hasta la madre que se roben el dinero! No me voy a tentar el coraz\u00f3n para investigar al doctor Preciado, con total apego a derecho, pero al parecer los otros candidatos s\u00ed hicieron compromiso con \u00e9l, porque nadie menciona la palabra Preciado, no lo quieren tocar, a pesar de ser un clamor del pueblo el hacer justicia e investigar sus cuentas\u201d, acot\u00f3.<br \/>\n\u201cDesde este momento hago responsable al doctor Jos\u00e9 Santiago Preciado Robles de lo que me pueda suceder en mi integridad f\u00edsica y de mi familia\u201d, advierte.<br \/>\n\u00bfQu\u00e9 es lo que investigar\u00eda de primera mano?<br \/>\n\u201cLas luminarias, el pol\u00e9mico contrato, investigarlo a fondo y de no ser de beneficio para Cadereyta \u00a1lo echamos para atr\u00e1s!, pero aparte de investigar sus pros y contras, invitar\u00e9 a empresarios, comerciantes, amas de casa, activistas y todo aquel que sufra por la inseguridad por las noches. Los invitar\u00e9 a revisar el contrato con total transparencia y tambi\u00e9n los invitar\u00e9 a dar un paseo de noche, para que vean lo que se siente caminar por una calle obscura y no saber qui\u00e9n va detr\u00e1s de t\u00ed\u201d, mencion\u00f3.<br \/>\nLa rubia candidata mencion\u00f3 que en la compra de los terrenos para el Campus-UANL tambi\u00e9n se desat\u00f3 mucha pol\u00e9mica y que se tiene que transparentar esa compra y hacer un comparativo con los precios de la zona y valores comerciales.<br \/>\n\u201cIremos hasta el fondo con el tema de los donativos de Pemex, para ver c\u00f3mo est\u00e1 eso de la gasolina y el por qu\u00e9 se estaba facturando. No tengo miedo para investigar lo que encontremos, sea quien sea y caiga quien caiga\u201d, argument\u00f3 Tenchis Garc\u00eda.<br \/>\nDijo que no le eran ajenas las versiones de una deuda municipal, que lleg\u00f3 a los 200 millones y revisar\u00e1 que esos recursos se hayan aplicado correctamente y si est\u00e1 justificado o no ese pesado adeudo municipal.<br \/>\nDijo que si bien es cierto los baches entran como una obligaci\u00f3n de Servicios P\u00fablicos, al llegar a los extremos en que se encuentra ahora cambia a ser una necesidad, se convierte en un problema que hay que solucionar y su propuesta es acabar con los baches y una mejor calidad en las calles.<br \/>\n\u201cLa gente est\u00e1 ofendida y yo tambi\u00e9n, la ciudad est\u00e1 en ruinas y a obscuras por la falta de un gobierno sensible y no me equivoco cuando aseguro que esta administraci\u00f3n sali\u00f3 igual que la anterior a ella. \u00a1No cambi\u00f3 nada!\u201d.<br \/>\nLa fuerte declaraci\u00f3n sorprende, debido a que es la \u00fanica candidata que pone nombre y apellido a qui\u00e9n investigar\u00e1 y concluye con una expresi\u00f3n de su muy particular forma de hablar: \u201cSi Preciado inund\u00f3 el corral\u2026 \u00a1A m\u00ed no se me ahogan las gallinas!\u201d.<\/p>\n","protected":false},"excerpt":{"rendered":"<p>\u201cAl parecer los otros candidatos s\u00ed hicieron compromiso con \u00e9l, porque nadie menciona la palabra Preciado, no lo quieren tocar, a pesar de ser un clamor del pueblo el hacer justicia e investigar sus cuentas\u201d Miguel Oscar P\u00e9rez CADEREYTA JIM\u00c9NEZ, N.L.- Sorprende Tenchis Garc\u00eda al reportero por lo tajante de las respuestas y el \u00e9nfasis [&hellip;]<\/p>\n","protected":false},"author":9,"featured_media":1457,"comment_status":"open","ping_status":"closed","sticky":false,"template":"","format":"standard","meta":{"footnotes":""},"categories":[17],"tags":[1692,2195],"class_list":["post-1455","post","type-post","status-publish","format-standard","has-post-thumbnail","hentry","category-locales-cadereyta","tag-pan-cadereyta","tag-tenchis-garcia"],"_links":{"self":[{"href":"https:\/\/laultimapalabra.com.mx\/portal\/wp-json\/wp\/v2\/posts\/1455","targetHints":{"allow":["GET"]}}],"collection":[{"href":"https:\/\/laultimapalabra.com.mx\/portal\/wp-json\/wp\/v2\/posts"}],"about":[{"href":"https:\/\/laultimapalabra.com.mx\/portal\/wp-json\/wp\/v2\/types\/post"}],"author":[{"embeddable":true,"href":"https:\/\/laultimapalabra.com.mx\/portal\/wp-json\/wp\/v2\/users\/9"}],"replies":[{"embeddable":true,"href":"https:\/\/laultimapalabra.com.mx\/portal\/wp-json\/wp\/v2\/comments?post=1455"}],"version-history":[{"count":1,"href":"https:\/\/laultimapalabra.com.mx\/portal\/wp-json\/wp\/v2\/posts\/1455\/revisions"}],"predecessor-version":[{"id":63795,"href":"https:\/\/laultimapalabra.com.mx\/portal\/wp-json\/wp\/v2\/posts\/1455\/revisions\/63795"}],"wp:featuredmedia":[{"embeddable":true,"href":"https:\/\/laultimapalabra.com.mx\/portal\/wp-json\/"}],"wp:attachment":[{"href":"https:\/\/laultimapalabra.com.mx\/portal\/wp-json\/wp\/v2\/media?parent=1455"}],"wp:term":[{"taxonomy":"category","embeddable":true,"href":"https:\/\/laultimapalabra.com.mx\/portal\/wp-json\/wp\/v2\/categories?post=1455"},{"taxonomy":"post_tag","embeddable":true,"href":"https:\/\/laultimapalabra.com.mx\/portal\/wp-json\/wp\/v2\/tags?post=1455"}],"curies":[{"name":"wp","href":"https:\/\/api.w.org\/{rel}","templated":true}]}}