                       {"id":14656,"date":"2020-05-04T17:26:27","date_gmt":"2020-05-04T22:26:27","guid":{"rendered":"http:\/\/laultimapalabra.info\/?p=14656"},"modified":"2024-12-11T10:01:10","modified_gmt":"2024-12-11T16:01:10","slug":"llega-gobierno-de-juarez-a-ejido-carricitos","status":"publish","type":"post","link":"https:\/\/laultimapalabra.com.mx\/portal\/llega-gobierno-de-juarez-a-ejido-carricitos\/","title":{"rendered":"Llega Gobierno de Ju\u00e1rez a Ejido Carricitos"},"content":{"rendered":"<p><span style=\"font-size: 1rem;\"><img loading=\"lazy\" decoding=\"async\" class=\"size-medium wp-image-14657 alignright\" src=\"https:\/\/laultimapalabra.com.mx\/portal\/wp-content\/uploads\/2020\/05\/IMG-20200504-WA0034-300x169.jpg\" alt=\"\" width=\"300\" height=\"169\" srcset=\"https:\/\/laultimapalabra.com.mx\/portal\/wp-content\/uploads\/2020\/05\/IMG-20200504-WA0034-300x169.jpg 300w, https:\/\/laultimapalabra.com.mx\/portal\/wp-content\/uploads\/2020\/05\/IMG-20200504-WA0034-1024x576.jpg 1024w, https:\/\/laultimapalabra.com.mx\/portal\/wp-content\/uploads\/2020\/05\/IMG-20200504-WA0034-768x432.jpg 768w, https:\/\/laultimapalabra.com.mx\/portal\/wp-content\/uploads\/2020\/05\/IMG-20200504-WA0034.jpg 1280w\" sizes=\"auto, (max-width: 300px) 100vw, 300px\" \/>Ju\u00e1rez, N.L.- El Gobierno de Ju\u00e1rez que encabeza Heriberto Trevi\u00f1o Cant\u00fa visit\u00f3 este mediod\u00eda el Ejido Carricitos, donde casa por casa el edil hizo entrega de los apoyos alimentarios pertenecientes al programa &#8220;Por ellos de coraz\u00f3n&#8221;.\u00a0<\/span><\/p>\n<p>Los habitantes de dicha comunidad se mostraron muy agradecidos con el edil juarense por tomarlos en cuenta.<br \/>\nAsimismo, se.les hizo entrega de cubrebocas y gel anti bacterial, con la intenci\u00f3n de seguir fomentando las medidas de.prevencion al contagio del Covid 19.<\/p>\n","protected":false},"excerpt":{"rendered":"<p>Ju\u00e1rez, N.L.- El Gobierno de Ju\u00e1rez que encabeza Heriberto Trevi\u00f1o Cant\u00fa visit\u00f3 este mediod\u00eda el Ejido Carricitos, donde casa por casa el edil hizo entrega de los apoyos alimentarios pertenecientes al programa &#8220;Por ellos de coraz\u00f3n&#8221;.\u00a0 Los habitantes de dicha comunidad se mostraron muy agradecidos con el edil juarense por tomarlos en cuenta. Asimismo, se.les [&hellip;]<\/p>\n","protected":false},"author":9,"featured_media":14658,"comment_status":"open","ping_status":"closed","sticky":false,"template":"","format":"standard","meta":{"footnotes":""},"categories":[18],"tags":[2433,1187],"class_list":["post-14656","post","type-post","status-publish","format-standard","has-post-thumbnail","hentry","category-locales-juarez","tag-covid-19-juarez","tag-heriberto-trevino"],"_links":{"self":[{"href":"https:\/\/laultimapalabra.com.mx\/portal\/wp-json\/wp\/v2\/posts\/14656","targetHints":{"allow":["GET"]}}],"collection":[{"href":"https:\/\/laultimapalabra.com.mx\/portal\/wp-json\/wp\/v2\/posts"}],"about":[{"href":"https:\/\/laultimapalabra.com.mx\/portal\/wp-json\/wp\/v2\/types\/post"}],"author":[{"embeddable":true,"href":"https:\/\/laultimapalabra.com.mx\/portal\/wp-json\/wp\/v2\/users\/9"}],"replies":[{"embeddable":true,"href":"https:\/\/laultimapalabra.com.mx\/portal\/wp-json\/wp\/v2\/comments?post=14656"}],"version-history":[{"count":1,"href":"https:\/\/laultimapalabra.com.mx\/portal\/wp-json\/wp\/v2\/posts\/14656\/revisions"}],"predecessor-version":[{"id":70599,"href":"https:\/\/laultimapalabra.com.mx\/portal\/wp-json\/wp\/v2\/posts\/14656\/revisions\/70599"}],"wp:featuredmedia":[{"embeddable":true,"href":"https:\/\/laultimapalabra.com.mx\/portal\/wp-json\/wp\/v2\/media\/14658"}],"wp:attachment":[{"href":"https:\/\/laultimapalabra.com.mx\/portal\/wp-json\/wp\/v2\/media?parent=14656"}],"wp:term":[{"taxonomy":"category","embeddable":true,"href":"https:\/\/laultimapalabra.com.mx\/portal\/wp-json\/wp\/v2\/categories?post=14656"},{"taxonomy":"post_tag","embeddable":true,"href":"https:\/\/laultimapalabra.com.mx\/portal\/wp-json\/wp\/v2\/tags?post=14656"}],"curies":[{"name":"wp","href":"https:\/\/api.w.org\/{rel}","templated":true}]}}