                       {"id":14667,"date":"2020-05-05T12:51:49","date_gmt":"2020-05-05T17:51:49","guid":{"rendered":"http:\/\/laultimapalabra.info\/?p=14667"},"modified":"2024-12-11T10:01:10","modified_gmt":"2024-12-11T16:01:10","slug":"lo-matan-de-un-balazo-en-brecha-de-cadereyta","status":"publish","type":"post","link":"https:\/\/laultimapalabra.com.mx\/portal\/lo-matan-de-un-balazo-en-brecha-de-cadereyta\/","title":{"rendered":"Lo matan de un balazo en brecha de Cadereyta"},"content":{"rendered":"<p><span style=\"font-size: 1rem;\">Los hechos fueron reportados alrededor de las 14:40 horas en una brecha ubicada a la altura de las calles Lomas de Sotelo y Lomas de Balgo, en la Colonia Lomas de San Agust\u00edn el d\u00eda de ayer.<\/span><\/p>\n<p><img loading=\"lazy\" decoding=\"async\" class=\"size-medium wp-image-14668 alignleft\" src=\"https:\/\/laultimapalabra.com.mx\/portal\/wp-content\/uploads\/2020\/05\/IMG-20200504-WA0044-300x275.jpg\" alt=\"\" width=\"300\" height=\"275\" srcset=\"https:\/\/laultimapalabra.com.mx\/portal\/wp-content\/uploads\/2020\/05\/IMG-20200504-WA0044-300x275.jpg 300w, https:\/\/laultimapalabra.com.mx\/portal\/wp-content\/uploads\/2020\/05\/IMG-20200504-WA0044.jpg 764w\" sizes=\"auto, (max-width: 300px) 100vw, 300px\" \/>Cadereyta Jim\u00e9nez, N.L..- Con un balazo en la cabeza, un hombre fue encontrado en una brecha, en lo que se presume un ajuste de cuentas, en este municipio.<\/p>\n<p>Una fuente policiaca dijo que las evidencias indican que el hombre fue llevado hasta ese lugar por los delincuentes para ejecutarlo.<\/p>\n<p>Los hechos fueron reportados alrededor de las 14:40 horas de ayer, en una brecha ubicada a la altura de las calles Lomas de Sotelo y Lomas de Balgo, en la Colonia Lomas de San Agust\u00edn.<\/p>\n<p>El reporte a los n\u00fameros de emergencia sobre una persona inconsciente tirada moviliz\u00f3 a la Polic\u00eda de Cadereyta.<\/p>\n<p>Una persona que pasaba por el lugar realiz\u00f3 el hallazgo del hombre, por lo report\u00f3 a los n\u00fameros de emergencia.<\/p>\n<p>Minutos antes, vecinos del sector reportaron en ese mismo lugar detonaciones por arma de fuego.<\/p>\n<p>Al llegar al lugar, los polic\u00edas detectaron que el hombre, de unos 25 a\u00f1os presentaba un balazo en la cabeza, por lo que canalizaron el caso a la Agencia Estatal de Investigaciones.<\/p>\n<p>Por la forma en que fue encontrado el cad\u00e1ver, la herida de bala en la cabeza, los agentes presumieron que se trat\u00f3 de un ajuste de cuentas por droga, dijo el informante.<\/p>\n<p>Peritos de la Fiscal\u00eda llegaron a la escena del crimen para recolectar las evidencias, en donde encontraron varios casquillos calibre 9 mil\u00edmetros.<\/p>\n","protected":false},"excerpt":{"rendered":"<p>Los hechos fueron reportados alrededor de las 14:40 horas en una brecha ubicada a la altura de las calles Lomas de Sotelo y Lomas de Balgo, en la Colonia Lomas de San Agust\u00edn el d\u00eda de ayer. Cadereyta Jim\u00e9nez, N.L..- Con un balazo en la cabeza, un hombre fue encontrado en una brecha, en lo [&hellip;]<\/p>\n","protected":false},"author":9,"featured_media":14668,"comment_status":"open","ping_status":"closed","sticky":false,"template":"","format":"standard","meta":{"footnotes":""},"categories":[8,9],"tags":[926],"class_list":["post-14667","post","type-post","status-publish","format-standard","has-post-thumbnail","hentry","category-seguridad","category-seguridad-cadereyta","tag-ejecutados-cadereyta"],"_links":{"self":[{"href":"https:\/\/laultimapalabra.com.mx\/portal\/wp-json\/wp\/v2\/posts\/14667","targetHints":{"allow":["GET"]}}],"collection":[{"href":"https:\/\/laultimapalabra.com.mx\/portal\/wp-json\/wp\/v2\/posts"}],"about":[{"href":"https:\/\/laultimapalabra.com.mx\/portal\/wp-json\/wp\/v2\/types\/post"}],"author":[{"embeddable":true,"href":"https:\/\/laultimapalabra.com.mx\/portal\/wp-json\/wp\/v2\/users\/9"}],"replies":[{"embeddable":true,"href":"https:\/\/laultimapalabra.com.mx\/portal\/wp-json\/wp\/v2\/comments?post=14667"}],"version-history":[{"count":1,"href":"https:\/\/laultimapalabra.com.mx\/portal\/wp-json\/wp\/v2\/posts\/14667\/revisions"}],"predecessor-version":[{"id":70605,"href":"https:\/\/laultimapalabra.com.mx\/portal\/wp-json\/wp\/v2\/posts\/14667\/revisions\/70605"}],"wp:featuredmedia":[{"embeddable":true,"href":"https:\/\/laultimapalabra.com.mx\/portal\/wp-json\/wp\/v2\/media\/14668"}],"wp:attachment":[{"href":"https:\/\/laultimapalabra.com.mx\/portal\/wp-json\/wp\/v2\/media?parent=14667"}],"wp:term":[{"taxonomy":"category","embeddable":true,"href":"https:\/\/laultimapalabra.com.mx\/portal\/wp-json\/wp\/v2\/categories?post=14667"},{"taxonomy":"post_tag","embeddable":true,"href":"https:\/\/laultimapalabra.com.mx\/portal\/wp-json\/wp\/v2\/tags?post=14667"}],"curies":[{"name":"wp","href":"https:\/\/api.w.org\/{rel}","templated":true}]}}