                       {"id":14698,"date":"2020-05-06T07:55:06","date_gmt":"2020-05-06T12:55:06","guid":{"rendered":"http:\/\/laultimapalabra.info\/?p=14698"},"modified":"2024-12-11T10:01:11","modified_gmt":"2024-12-11T16:01:11","slug":"por-fin-le-llego-enfermero-discriminado-de-nl-recibe-su-auto","status":"publish","type":"post","link":"https:\/\/laultimapalabra.com.mx\/portal\/por-fin-le-llego-enfermero-discriminado-de-nl-recibe-su-auto\/","title":{"rendered":"\u00a1Por fin le lleg\u00f3!  Enfermero discriminado de NL recibe su auto"},"content":{"rendered":"<p><span style=\"font-size: 1rem;\">El joven juarense fue discriminado al intentar abordar un cami\u00f3n cuando llevaba su uniforme de enfermero puesto.<\/span><\/p>\n<p><img loading=\"lazy\" decoding=\"async\" class=\"size-medium wp-image-14699 alignright\" src=\"https:\/\/laultimapalabra.com.mx\/portal\/wp-content\/uploads\/2020\/05\/captura_de_pantalla_2020-05-05_a_las_17.50.08-300x180.jpg\" alt=\"\" width=\"300\" height=\"180\" srcset=\"https:\/\/laultimapalabra.com.mx\/portal\/wp-content\/uploads\/2020\/05\/captura_de_pantalla_2020-05-05_a_las_17.50.08-300x180.jpg 300w, https:\/\/laultimapalabra.com.mx\/portal\/wp-content\/uploads\/2020\/05\/captura_de_pantalla_2020-05-05_a_las_17.50.08-240x145.jpg 240w, https:\/\/laultimapalabra.com.mx\/portal\/wp-content\/uploads\/2020\/05\/captura_de_pantalla_2020-05-05_a_las_17.50.08.jpg 740w\" sizes=\"auto, (max-width: 300px) 100vw, 300px\" \/>NUEVO LE\u00d3N.- Luego de que un enfermero fuera discriminado al intentar subirse a un transporte p\u00fablico en Ju\u00e1rez, Nuevo Le\u00f3n y de que se diera a conocer que le regalar\u00edan un auto, el obsequio lleg\u00f3 por parte del conductor Farath Coronel.<\/p>\n<p>Como hab\u00eda prometido el presentador, lleg\u00f3 a Nuevo Le\u00f3n para encontrarse con el enfermero y poder hacerle entrega del auto para que no tuviera problemas para llegar a su trabajo.<\/p>\n<p>El joven subi\u00f3 a su cuenta de Facebook dos fotos donde se puede observar al presentador entregando el auto y la papeler\u00eda.<\/p>\n<p>El joven enfermero hab\u00eda sufrido discriminaci\u00f3n por parte del chofer de una ruta de camiones en el municipio de Ju\u00e1rez, el chofer no lo dej\u00f3 abordar la unidad por miedo a que lo contagiara de COVID-19, cabe se\u00f1alar que el joven portaba su uniforme de enfermero.<\/p>\n<p>Fuente: Posta<\/p>\n","protected":false},"excerpt":{"rendered":"<p>El joven juarense fue discriminado al intentar abordar un cami\u00f3n cuando llevaba su uniforme de enfermero puesto. NUEVO LE\u00d3N.- Luego de que un enfermero fuera discriminado al intentar subirse a un transporte p\u00fablico en Ju\u00e1rez, Nuevo Le\u00f3n y de que se diera a conocer que le regalar\u00edan un auto, el obsequio lleg\u00f3 por parte del [&hellip;]<\/p>\n","protected":false},"author":9,"featured_media":14699,"comment_status":"open","ping_status":"closed","sticky":false,"template":"","format":"standard","meta":{"footnotes":""},"categories":[18],"tags":[2500],"class_list":["post-14698","post","type-post","status-publish","format-standard","has-post-thumbnail","hentry","category-locales-juarez","tag-discriminacion-covid-19"],"_links":{"self":[{"href":"https:\/\/laultimapalabra.com.mx\/portal\/wp-json\/wp\/v2\/posts\/14698","targetHints":{"allow":["GET"]}}],"collection":[{"href":"https:\/\/laultimapalabra.com.mx\/portal\/wp-json\/wp\/v2\/posts"}],"about":[{"href":"https:\/\/laultimapalabra.com.mx\/portal\/wp-json\/wp\/v2\/types\/post"}],"author":[{"embeddable":true,"href":"https:\/\/laultimapalabra.com.mx\/portal\/wp-json\/wp\/v2\/users\/9"}],"replies":[{"embeddable":true,"href":"https:\/\/laultimapalabra.com.mx\/portal\/wp-json\/wp\/v2\/comments?post=14698"}],"version-history":[{"count":1,"href":"https:\/\/laultimapalabra.com.mx\/portal\/wp-json\/wp\/v2\/posts\/14698\/revisions"}],"predecessor-version":[{"id":70621,"href":"https:\/\/laultimapalabra.com.mx\/portal\/wp-json\/wp\/v2\/posts\/14698\/revisions\/70621"}],"wp:featuredmedia":[{"embeddable":true,"href":"https:\/\/laultimapalabra.com.mx\/portal\/wp-json\/wp\/v2\/media\/14699"}],"wp:attachment":[{"href":"https:\/\/laultimapalabra.com.mx\/portal\/wp-json\/wp\/v2\/media?parent=14698"}],"wp:term":[{"taxonomy":"category","embeddable":true,"href":"https:\/\/laultimapalabra.com.mx\/portal\/wp-json\/wp\/v2\/categories?post=14698"},{"taxonomy":"post_tag","embeddable":true,"href":"https:\/\/laultimapalabra.com.mx\/portal\/wp-json\/wp\/v2\/tags?post=14698"}],"curies":[{"name":"wp","href":"https:\/\/api.w.org\/{rel}","templated":true}]}}