                       {"id":14736,"date":"2020-05-07T13:48:08","date_gmt":"2020-05-07T18:48:08","guid":{"rendered":"http:\/\/laultimapalabra.info\/?p=14736"},"modified":"2024-12-11T10:01:11","modified_gmt":"2024-12-11T16:01:11","slug":"sanitiza-gobierno-de-juarez-casa-del-adulto-mayor","status":"publish","type":"post","link":"https:\/\/laultimapalabra.com.mx\/portal\/sanitiza-gobierno-de-juarez-casa-del-adulto-mayor\/","title":{"rendered":"Sanitiza Gobierno de Ju\u00e1rez Casa del Adulto Mayor"},"content":{"rendered":"<div class=\"\" data-block=\"true\" data-editor=\"92jit\" data-offset-key=\"9pinf-0-0\">\n<div class=\"_1mf _1mj\" style=\"text-align: justify;\" data-offset-key=\"9pinf-0-0\"><span style=\"font-size: 1rem;\"><img loading=\"lazy\" decoding=\"async\" class=\"size-medium wp-image-14737 alignleft\" src=\"https:\/\/laultimapalabra.com.mx\/portal\/wp-content\/uploads\/2020\/05\/WhatsApp-Image-2020-05-07-at-11.22.59-AM-225x300.jpeg\" alt=\"\" width=\"225\" height=\"300\" srcset=\"https:\/\/laultimapalabra.com.mx\/portal\/wp-content\/uploads\/2020\/05\/WhatsApp-Image-2020-05-07-at-11.22.59-AM-225x300.jpeg 225w, https:\/\/laultimapalabra.com.mx\/portal\/wp-content\/uploads\/2020\/05\/WhatsApp-Image-2020-05-07-at-11.22.59-AM.jpeg 720w\" sizes=\"auto, (max-width: 225px) 100vw, 225px\" \/>Ju\u00e1rez, N. L.- Despu\u00e9s de que lamentablemente se suscitara el contagio de 50 adultos mayores en un asilo con Covid 19 en Nuevo Le\u00f3n, el Gobierno que encabeza Heriberto Trevi\u00f1o Cant\u00fa, tom\u00f3 medidas preventivas para con este sector tan vulnerable de la poblaci\u00f3n ya que sanitiz\u00f3 las instalaciones de la Casa del Adulto Mayor, donde elementos de Protecci\u00f3n Civil estuvieron presentes el d\u00eda de hoy en la colonia los Reyes donde dicha dependencia esta a cargo del DIF Municipal de Ju\u00e1rez.<\/span><\/div>\n<\/div>\n","protected":false},"excerpt":{"rendered":"<p>Ju\u00e1rez, N. L.- Despu\u00e9s de que lamentablemente se suscitara el contagio de 50 adultos mayores en un asilo con Covid 19 en Nuevo Le\u00f3n, el Gobierno que encabeza Heriberto Trevi\u00f1o Cant\u00fa, tom\u00f3 medidas preventivas para con este sector tan vulnerable de la poblaci\u00f3n ya que sanitiz\u00f3 las instalaciones de la Casa del Adulto Mayor, donde [&hellip;]<\/p>\n","protected":false},"author":9,"featured_media":14738,"comment_status":"open","ping_status":"closed","sticky":false,"template":"","format":"standard","meta":{"footnotes":""},"categories":[18],"tags":[2530,2433,1188],"class_list":["post-14736","post","type-post","status-publish","format-standard","has-post-thumbnail","hentry","category-locales-juarez","tag-casa-dek-aduto-mayor","tag-covid-19-juarez","tag-heriberto-trevino-cantu"],"_links":{"self":[{"href":"https:\/\/laultimapalabra.com.mx\/portal\/wp-json\/wp\/v2\/posts\/14736","targetHints":{"allow":["GET"]}}],"collection":[{"href":"https:\/\/laultimapalabra.com.mx\/portal\/wp-json\/wp\/v2\/posts"}],"about":[{"href":"https:\/\/laultimapalabra.com.mx\/portal\/wp-json\/wp\/v2\/types\/post"}],"author":[{"embeddable":true,"href":"https:\/\/laultimapalabra.com.mx\/portal\/wp-json\/wp\/v2\/users\/9"}],"replies":[{"embeddable":true,"href":"https:\/\/laultimapalabra.com.mx\/portal\/wp-json\/wp\/v2\/comments?post=14736"}],"version-history":[{"count":1,"href":"https:\/\/laultimapalabra.com.mx\/portal\/wp-json\/wp\/v2\/posts\/14736\/revisions"}],"predecessor-version":[{"id":70641,"href":"https:\/\/laultimapalabra.com.mx\/portal\/wp-json\/wp\/v2\/posts\/14736\/revisions\/70641"}],"wp:featuredmedia":[{"embeddable":true,"href":"https:\/\/laultimapalabra.com.mx\/portal\/wp-json\/wp\/v2\/media\/14738"}],"wp:attachment":[{"href":"https:\/\/laultimapalabra.com.mx\/portal\/wp-json\/wp\/v2\/media?parent=14736"}],"wp:term":[{"taxonomy":"category","embeddable":true,"href":"https:\/\/laultimapalabra.com.mx\/portal\/wp-json\/wp\/v2\/categories?post=14736"},{"taxonomy":"post_tag","embeddable":true,"href":"https:\/\/laultimapalabra.com.mx\/portal\/wp-json\/wp\/v2\/tags?post=14736"}],"curies":[{"name":"wp","href":"https:\/\/api.w.org\/{rel}","templated":true}]}}