                       {"id":14768,"date":"2020-05-10T08:45:19","date_gmt":"2020-05-10T13:45:19","guid":{"rendered":"http:\/\/laultimapalabra.info\/?p=14768"},"modified":"2024-12-11T10:01:11","modified_gmt":"2024-12-11T16:01:11","slug":"atacan-a-balazos-a-un-hombre-en-un-taller-mecanico-de-cadereyta","status":"publish","type":"post","link":"https:\/\/laultimapalabra.com.mx\/portal\/atacan-a-balazos-a-un-hombre-en-un-taller-mecanico-de-cadereyta\/","title":{"rendered":"Atacan a balazos a un hombre en un taller mec\u00e1nico de Cadereyta"},"content":{"rendered":"<p>La v\u00edctima de 64 a\u00f1os, fue trasladada al Hospital de Pemex para su atenci\u00f3n m\u00e9dica.<\/p>\n<p><img loading=\"lazy\" decoding=\"async\" class=\"size-medium wp-image-14769 alignleft\" src=\"https:\/\/laultimapalabra.com.mx\/portal\/wp-content\/uploads\/2020\/05\/Screenshot_20200510_084019-300x175.jpg\" alt=\"\" width=\"300\" height=\"175\" srcset=\"https:\/\/laultimapalabra.com.mx\/portal\/wp-content\/uploads\/2020\/05\/Screenshot_20200510_084019-300x175.jpg 300w, https:\/\/laultimapalabra.com.mx\/portal\/wp-content\/uploads\/2020\/05\/Screenshot_20200510_084019-1024x596.jpg 1024w, https:\/\/laultimapalabra.com.mx\/portal\/wp-content\/uploads\/2020\/05\/Screenshot_20200510_084019-768x447.jpg 768w, https:\/\/laultimapalabra.com.mx\/portal\/wp-content\/uploads\/2020\/05\/Screenshot_20200510_084019.jpg 1058w\" sizes=\"auto, (max-width: 300px) 100vw, 300px\" \/>CADEREYTA.- Un adulto mayor result\u00f3 herido cuando un hombre lo atac\u00f3 en un taller mec\u00e1nico, en el municipio de Cadereyta.<\/p>\n<p>La agresi\u00f3n ocurri\u00f3 a las 7:00 de la tarde en el cruce de Camino Ejidal y San Genaro, en la Colonia Jardines de Cadereyta, hasta donde un hombre lleg\u00f3 a bordo de un auto y dispar\u00f3 contra la v\u00edctima, quien fue identificada como L\u00e1zaro R\u00edos, de 64 a\u00f1os.<\/p>\n<p>Tras la agresi\u00f3n, el hombre fue atendido por cuerpos de emergencia y posteriormente trasladarlo al Hospital de Pemex.<\/p>\n<p>R\u00edos presentaba dos heridas, una en la espalda y otra m\u00e1s en la cadera, aunque en el sitio del ataque fueron hallados cinco casquillos de arma corta.<\/p>\n<p>Fuente: Multimedios<\/p>\n","protected":false},"excerpt":{"rendered":"<p>La v\u00edctima de 64 a\u00f1os, fue trasladada al Hospital de Pemex para su atenci\u00f3n m\u00e9dica. CADEREYTA.- Un adulto mayor result\u00f3 herido cuando un hombre lo atac\u00f3 en un taller mec\u00e1nico, en el municipio de Cadereyta. La agresi\u00f3n ocurri\u00f3 a las 7:00 de la tarde en el cruce de Camino Ejidal y San Genaro, en la [&hellip;]<\/p>\n","protected":false},"author":9,"featured_media":14769,"comment_status":"open","ping_status":"closed","sticky":false,"template":"","format":"standard","meta":{"footnotes":""},"categories":[8,9],"tags":[213],"class_list":["post-14768","post","type-post","status-publish","format-standard","has-post-thumbnail","hentry","category-seguridad","category-seguridad-cadereyta","tag-atentados-cadereyta"],"_links":{"self":[{"href":"https:\/\/laultimapalabra.com.mx\/portal\/wp-json\/wp\/v2\/posts\/14768","targetHints":{"allow":["GET"]}}],"collection":[{"href":"https:\/\/laultimapalabra.com.mx\/portal\/wp-json\/wp\/v2\/posts"}],"about":[{"href":"https:\/\/laultimapalabra.com.mx\/portal\/wp-json\/wp\/v2\/types\/post"}],"author":[{"embeddable":true,"href":"https:\/\/laultimapalabra.com.mx\/portal\/wp-json\/wp\/v2\/users\/9"}],"replies":[{"embeddable":true,"href":"https:\/\/laultimapalabra.com.mx\/portal\/wp-json\/wp\/v2\/comments?post=14768"}],"version-history":[{"count":1,"href":"https:\/\/laultimapalabra.com.mx\/portal\/wp-json\/wp\/v2\/posts\/14768\/revisions"}],"predecessor-version":[{"id":70655,"href":"https:\/\/laultimapalabra.com.mx\/portal\/wp-json\/wp\/v2\/posts\/14768\/revisions\/70655"}],"wp:featuredmedia":[{"embeddable":true,"href":"https:\/\/laultimapalabra.com.mx\/portal\/wp-json\/wp\/v2\/media\/14769"}],"wp:attachment":[{"href":"https:\/\/laultimapalabra.com.mx\/portal\/wp-json\/wp\/v2\/media?parent=14768"}],"wp:term":[{"taxonomy":"category","embeddable":true,"href":"https:\/\/laultimapalabra.com.mx\/portal\/wp-json\/wp\/v2\/categories?post=14768"},{"taxonomy":"post_tag","embeddable":true,"href":"https:\/\/laultimapalabra.com.mx\/portal\/wp-json\/wp\/v2\/tags?post=14768"}],"curies":[{"name":"wp","href":"https:\/\/api.w.org\/{rel}","templated":true}]}}