                       {"id":14771,"date":"2020-05-10T09:02:10","date_gmt":"2020-05-10T14:02:10","guid":{"rendered":"http:\/\/laultimapalabra.info\/?p=14771"},"modified":"2024-12-11T10:01:11","modified_gmt":"2024-12-11T16:01:11","slug":"arrancan-en-contingencia-cnop-esta-contigo-en-juarez","status":"publish","type":"post","link":"https:\/\/laultimapalabra.com.mx\/portal\/arrancan-en-contingencia-cnop-esta-contigo-en-juarez\/","title":{"rendered":"Arrancan en contingencia &#8220;CNOP est\u00e1 contigo&#8221; en Ju\u00e1rez"},"content":{"rendered":"<p><span style=\"font-size: 1rem;\"><img loading=\"lazy\" decoding=\"async\" class=\"size-medium wp-image-14772 alignleft\" src=\"https:\/\/laultimapalabra.com.mx\/portal\/wp-content\/uploads\/2020\/05\/FB_IMG_1589118769869-300x225.jpg\" alt=\"\" width=\"300\" height=\"225\" srcset=\"https:\/\/laultimapalabra.com.mx\/portal\/wp-content\/uploads\/2020\/05\/FB_IMG_1589118769869-300x225.jpg 300w, https:\/\/laultimapalabra.com.mx\/portal\/wp-content\/uploads\/2020\/05\/FB_IMG_1589118769869-768x576.jpg 768w, https:\/\/laultimapalabra.com.mx\/portal\/wp-content\/uploads\/2020\/05\/FB_IMG_1589118769869.jpg 1024w\" sizes=\"auto, (max-width: 300px) 100vw, 300px\" \/>Ju\u00e1rez, N.L.- En apoyo a las familias m\u00e1s vulnerables, el d\u00eda de ayer se arranc\u00f3 en el municipio el programa &#8220;CNOP est\u00e1 contigo&#8221;, en el cual se estuvieron entregando apoyos alimenticios en las Colonias Los Valles 1o Sector, Los Valles 2o Sector, Ampliaci\u00f3n Rancho Viejo, Lomas de los Naranjos, Villa Los Naranjos, Arboledas de los Naranjos, Arboledas de San Roque, 16 de Septiembre, Cerro de la Silla y en diversos Sectores de Monte Kristal.\u00a0<\/span><\/p>\n<p>Dicha entregas fueron realizadas por su Secretario General en el Municipio, Francisco &#8221; Paco&#8221; Trevi\u00f1o, quien durante la entrega agradeci\u00f3 al l\u00edder estatal de dicha central, Carlos Barona Morales, Secretario General de la CNOP en el Estado, por tomar en cuenta a Ju\u00e1rez, al mandar estos apoyos.<\/p>\n","protected":false},"excerpt":{"rendered":"<p>Ju\u00e1rez, N.L.- En apoyo a las familias m\u00e1s vulnerables, el d\u00eda de ayer se arranc\u00f3 en el municipio el programa &#8220;CNOP est\u00e1 contigo&#8221;, en el cual se estuvieron entregando apoyos alimenticios en las Colonias Los Valles 1o Sector, Los Valles 2o Sector, Ampliaci\u00f3n Rancho Viejo, Lomas de los Naranjos, Villa Los Naranjos, Arboledas de los [&hellip;]<\/p>\n","protected":false},"author":9,"featured_media":14773,"comment_status":"open","ping_status":"closed","sticky":false,"template":"","format":"standard","meta":{"footnotes":""},"categories":[18],"tags":[2433,1685],"class_list":["post-14771","post","type-post","status-publish","format-standard","has-post-thumbnail","hentry","category-locales-juarez","tag-covid-19-juarez","tag-paco-trevino-cnop-juarez"],"_links":{"self":[{"href":"https:\/\/laultimapalabra.com.mx\/portal\/wp-json\/wp\/v2\/posts\/14771","targetHints":{"allow":["GET"]}}],"collection":[{"href":"https:\/\/laultimapalabra.com.mx\/portal\/wp-json\/wp\/v2\/posts"}],"about":[{"href":"https:\/\/laultimapalabra.com.mx\/portal\/wp-json\/wp\/v2\/types\/post"}],"author":[{"embeddable":true,"href":"https:\/\/laultimapalabra.com.mx\/portal\/wp-json\/wp\/v2\/users\/9"}],"replies":[{"embeddable":true,"href":"https:\/\/laultimapalabra.com.mx\/portal\/wp-json\/wp\/v2\/comments?post=14771"}],"version-history":[{"count":1,"href":"https:\/\/laultimapalabra.com.mx\/portal\/wp-json\/wp\/v2\/posts\/14771\/revisions"}],"predecessor-version":[{"id":70657,"href":"https:\/\/laultimapalabra.com.mx\/portal\/wp-json\/wp\/v2\/posts\/14771\/revisions\/70657"}],"wp:featuredmedia":[{"embeddable":true,"href":"https:\/\/laultimapalabra.com.mx\/portal\/wp-json\/wp\/v2\/media\/14773"}],"wp:attachment":[{"href":"https:\/\/laultimapalabra.com.mx\/portal\/wp-json\/wp\/v2\/media?parent=14771"}],"wp:term":[{"taxonomy":"category","embeddable":true,"href":"https:\/\/laultimapalabra.com.mx\/portal\/wp-json\/wp\/v2\/categories?post=14771"},{"taxonomy":"post_tag","embeddable":true,"href":"https:\/\/laultimapalabra.com.mx\/portal\/wp-json\/wp\/v2\/tags?post=14771"}],"curies":[{"name":"wp","href":"https:\/\/api.w.org\/{rel}","templated":true}]}}