                       {"id":14802,"date":"2020-05-12T00:49:19","date_gmt":"2020-05-12T05:49:19","guid":{"rendered":"http:\/\/laultimapalabra.info\/?p=14802"},"modified":"2024-12-11T10:01:12","modified_gmt":"2024-12-11T16:01:12","slug":"haran-pruebas-de-adn-a-calcinados-de-cadereyta","status":"publish","type":"post","link":"https:\/\/laultimapalabra.com.mx\/portal\/haran-pruebas-de-adn-a-calcinados-de-cadereyta\/","title":{"rendered":"Har\u00e1n pruebas de ADN a calcinados de Cadereyta"},"content":{"rendered":"<p><span style=\"font-size: 1rem;\"><img loading=\"lazy\" decoding=\"async\" class=\"size-medium wp-image-14803 alignleft\" src=\"https:\/\/laultimapalabra.com.mx\/portal\/wp-content\/uploads\/2020\/05\/Screenshot_20200512_004826-300x218.jpg\" alt=\"\" width=\"300\" height=\"218\" srcset=\"https:\/\/laultimapalabra.com.mx\/portal\/wp-content\/uploads\/2020\/05\/Screenshot_20200512_004826-300x218.jpg 300w, https:\/\/laultimapalabra.com.mx\/portal\/wp-content\/uploads\/2020\/05\/Screenshot_20200512_004826-1024x744.jpg 1024w, https:\/\/laultimapalabra.com.mx\/portal\/wp-content\/uploads\/2020\/05\/Screenshot_20200512_004826-768x558.jpg 768w, https:\/\/laultimapalabra.com.mx\/portal\/wp-content\/uploads\/2020\/05\/Screenshot_20200512_004826.jpg 1080w\" sizes=\"auto, (max-width: 300px) 100vw, 300px\" \/>Cadereyta Jim\u00e9nez, N.L.- Mediante pruebas de ADN, las autoridades ministeriales tratan de identificar los cuerpos de dos personas que fueron encontradas calcinadas dentro de una camioneta incendiada y que tra\u00eda placas colgadas, en una brecha de Cadereyta.<\/span><\/p>\n<p>El reporte inicial que lleg\u00f3 a los cuerpos de auxilio fue dado a las 22:40 horas del s\u00e1bado, donde se ped\u00eda ayuda debido al incendio que arrasaba con pastizal y vegetaci\u00f3n dentro de la brecha.<\/p>\n<p>Bomberos y rescatistas de Protecci\u00f3n Civil se dirigieron unos 3 kil\u00f3metros hacia el sur del Bulevar Alfonso Mart\u00ednez Dom\u00ednguez, en una brecha que conecta a la v\u00eda con el ejido San Juanito de los Garza.<\/p>\n<p>Al llegar encontraron incendiada una camioneta y tras apagar el fuego, que se extendi\u00f3 al pastizal, localizaron dentro los restos calcinados de dos cuerpos.<\/p>\n<p>De acuerdo con la informaci\u00f3n que proporcionaron agentes cercanos al caso, uno de los cad\u00e1veres estaba en el asiento trasero de la camioneta y el otro en el \u00e1rea de la cajuela.<\/p>\n<p>La camioneta fue descrita como una Mazda Tribute con placas RRL-325-A, de la cual extraoficialmente se dijo que el registro de esas l\u00e1minas pertenec\u00eda a otra camioneta del mismo tipo, pero diferente modelo.<\/p>\n<p>Los agentes no mencionaron si el veh\u00edculo contaba con reporte de robo o a qui\u00e9n pertenec\u00eda.<\/p>\n<p>Fuente: El Debate<\/p>\n","protected":false},"excerpt":{"rendered":"<p>Cadereyta Jim\u00e9nez, N.L.- Mediante pruebas de ADN, las autoridades ministeriales tratan de identificar los cuerpos de dos personas que fueron encontradas calcinadas dentro de una camioneta incendiada y que tra\u00eda placas colgadas, en una brecha de Cadereyta. El reporte inicial que lleg\u00f3 a los cuerpos de auxilio fue dado a las 22:40 horas del s\u00e1bado, [&hellip;]<\/p>\n","protected":false},"author":9,"featured_media":14803,"comment_status":"open","ping_status":"closed","sticky":false,"template":"","format":"standard","meta":{"footnotes":""},"categories":[8,9],"tags":[913],"class_list":["post-14802","post","type-post","status-publish","format-standard","has-post-thumbnail","hentry","category-seguridad","category-seguridad-cadereyta","tag-ejecuciones-cadereyta"],"_links":{"self":[{"href":"https:\/\/laultimapalabra.com.mx\/portal\/wp-json\/wp\/v2\/posts\/14802","targetHints":{"allow":["GET"]}}],"collection":[{"href":"https:\/\/laultimapalabra.com.mx\/portal\/wp-json\/wp\/v2\/posts"}],"about":[{"href":"https:\/\/laultimapalabra.com.mx\/portal\/wp-json\/wp\/v2\/types\/post"}],"author":[{"embeddable":true,"href":"https:\/\/laultimapalabra.com.mx\/portal\/wp-json\/wp\/v2\/users\/9"}],"replies":[{"embeddable":true,"href":"https:\/\/laultimapalabra.com.mx\/portal\/wp-json\/wp\/v2\/comments?post=14802"}],"version-history":[{"count":1,"href":"https:\/\/laultimapalabra.com.mx\/portal\/wp-json\/wp\/v2\/posts\/14802\/revisions"}],"predecessor-version":[{"id":70673,"href":"https:\/\/laultimapalabra.com.mx\/portal\/wp-json\/wp\/v2\/posts\/14802\/revisions\/70673"}],"wp:featuredmedia":[{"embeddable":true,"href":"https:\/\/laultimapalabra.com.mx\/portal\/wp-json\/wp\/v2\/media\/14803"}],"wp:attachment":[{"href":"https:\/\/laultimapalabra.com.mx\/portal\/wp-json\/wp\/v2\/media?parent=14802"}],"wp:term":[{"taxonomy":"category","embeddable":true,"href":"https:\/\/laultimapalabra.com.mx\/portal\/wp-json\/wp\/v2\/categories?post=14802"},{"taxonomy":"post_tag","embeddable":true,"href":"https:\/\/laultimapalabra.com.mx\/portal\/wp-json\/wp\/v2\/tags?post=14802"}],"curies":[{"name":"wp","href":"https:\/\/api.w.org\/{rel}","templated":true}]}}