                       {"id":14847,"date":"2020-05-13T18:00:16","date_gmt":"2020-05-13T23:00:16","guid":{"rendered":"http:\/\/laultimapalabra.info\/?p=14847"},"modified":"2024-12-11T10:01:12","modified_gmt":"2024-12-11T16:01:12","slug":"14847","status":"publish","type":"post","link":"https:\/\/laultimapalabra.com.mx\/portal\/14847\/","title":{"rendered":""},"content":{"rendered":"<p><img loading=\"lazy\" decoding=\"async\" class=\"size-medium wp-image-14848 alignleft\" src=\"https:\/\/laultimapalabra.com.mx\/portal\/wp-content\/uploads\/2020\/05\/IMG-20200513-WA0009-255x300.jpg\" alt=\"\" width=\"255\" height=\"300\" srcset=\"https:\/\/laultimapalabra.com.mx\/portal\/wp-content\/uploads\/2020\/05\/IMG-20200513-WA0009-255x300.jpg 255w, https:\/\/laultimapalabra.com.mx\/portal\/wp-content\/uploads\/2020\/05\/IMG-20200513-WA0009.jpg 720w\" sizes=\"auto, (max-width: 255px) 100vw, 255px\" \/>Ju\u00e1rez, N.L.- La administraci\u00f3n municipal de Ju\u00e1rez festej\u00f3 el Dia de las Madres de una forma muy diferente a los a\u00f1os pasados, ofreci\u00e9ndoles una serenta virtual el pasado domingo desde las 17:30 horas, la cu\u00e1l estuvo a cargo del cantante Isa\u00edas Lucero.<br \/>\nEn dicha transmisi\u00f3n las madres juarense fueron agasajadas adem\u00e1s de su m\u00fasica con aparatos electr\u00f3nicos, arreglos florales, tamales, entre otros obsequios que les fueron entregados el d\u00eda de ayer.<br \/>\nLas festejadas fueron habitantes de colonias como Santa M\u00f3nica, Los Rehiletes, Monteverde, entre otras.<\/p>\n","protected":false},"excerpt":{"rendered":"<p>Ju\u00e1rez, N.L.- La administraci\u00f3n municipal de Ju\u00e1rez festej\u00f3 el Dia de las Madres de una forma muy diferente a los a\u00f1os pasados, ofreci\u00e9ndoles una serenta virtual el pasado domingo desde las 17:30 horas, la cu\u00e1l estuvo a cargo del cantante Isa\u00edas Lucero. En dicha transmisi\u00f3n las madres juarense fueron agasajadas adem\u00e1s de su m\u00fasica con [&hellip;]<\/p>\n","protected":false},"author":9,"featured_media":14848,"comment_status":"open","ping_status":"closed","sticky":false,"template":"","format":"standard","meta":{"footnotes":""},"categories":[18],"tags":[2545,1188],"class_list":["post-14847","post","type-post","status-publish","format-standard","has-post-thumbnail","hentry","category-locales-juarez","tag-dia-de-las-madres","tag-heriberto-trevino-cantu"],"_links":{"self":[{"href":"https:\/\/laultimapalabra.com.mx\/portal\/wp-json\/wp\/v2\/posts\/14847","targetHints":{"allow":["GET"]}}],"collection":[{"href":"https:\/\/laultimapalabra.com.mx\/portal\/wp-json\/wp\/v2\/posts"}],"about":[{"href":"https:\/\/laultimapalabra.com.mx\/portal\/wp-json\/wp\/v2\/types\/post"}],"author":[{"embeddable":true,"href":"https:\/\/laultimapalabra.com.mx\/portal\/wp-json\/wp\/v2\/users\/9"}],"replies":[{"embeddable":true,"href":"https:\/\/laultimapalabra.com.mx\/portal\/wp-json\/wp\/v2\/comments?post=14847"}],"version-history":[{"count":1,"href":"https:\/\/laultimapalabra.com.mx\/portal\/wp-json\/wp\/v2\/posts\/14847\/revisions"}],"predecessor-version":[{"id":70695,"href":"https:\/\/laultimapalabra.com.mx\/portal\/wp-json\/wp\/v2\/posts\/14847\/revisions\/70695"}],"wp:featuredmedia":[{"embeddable":true,"href":"https:\/\/laultimapalabra.com.mx\/portal\/wp-json\/wp\/v2\/media\/14848"}],"wp:attachment":[{"href":"https:\/\/laultimapalabra.com.mx\/portal\/wp-json\/wp\/v2\/media?parent=14847"}],"wp:term":[{"taxonomy":"category","embeddable":true,"href":"https:\/\/laultimapalabra.com.mx\/portal\/wp-json\/wp\/v2\/categories?post=14847"},{"taxonomy":"post_tag","embeddable":true,"href":"https:\/\/laultimapalabra.com.mx\/portal\/wp-json\/wp\/v2\/tags?post=14847"}],"curies":[{"name":"wp","href":"https:\/\/api.w.org\/{rel}","templated":true}]}}