                       {"id":14882,"date":"2020-05-15T07:39:25","date_gmt":"2020-05-15T12:39:25","guid":{"rendered":"http:\/\/laultimapalabra.info\/?p=14882"},"modified":"2024-12-11T10:01:12","modified_gmt":"2024-12-11T16:01:12","slug":"acribillan-a-uno-en-cadereyta","status":"publish","type":"post","link":"https:\/\/laultimapalabra.com.mx\/portal\/acribillan-a-uno-en-cadereyta\/","title":{"rendered":"Acribillan a uno en Cadereyta"},"content":{"rendered":"<p><span style=\"font-size: 1rem;\"><img loading=\"lazy\" decoding=\"async\" class=\"size-medium wp-image-14883 alignleft\" src=\"https:\/\/laultimapalabra.com.mx\/portal\/wp-content\/uploads\/2020\/05\/4784950-300x200.jpg\" alt=\"\" width=\"300\" height=\"200\" srcset=\"https:\/\/laultimapalabra.com.mx\/portal\/wp-content\/uploads\/2020\/05\/4784950-300x200.jpg 300w, https:\/\/laultimapalabra.com.mx\/portal\/wp-content\/uploads\/2020\/05\/4784950-768x512.jpg 768w, https:\/\/laultimapalabra.com.mx\/portal\/wp-content\/uploads\/2020\/05\/4784950.jpg 960w\" sizes=\"auto, (max-width: 300px) 100vw, 300px\" \/>Cadereyta Jim\u00e9nez, N.L.-\u00a0<\/span><span style=\"font-size: 1rem;\">Cuando se dirig\u00eda a una refaccionaria, un hombre fue atacado a balazos cuando se desplazaba en su camioneta, en este municipio.<\/span><span style=\"font-size: 1rem;\">\u00a0<\/span><\/p>\n<p><span style=\"font-size: 1rem;\">Jos\u00e9Garc\u00eda Leal, de 21 a\u00f1os, alcanz\u00f3 a correr varios metros, pero fue alcanzado por los delincuentes, quienes lo remataron.<\/span><\/p>\n<p><span style=\"font-size: 1rem;\">La ejecuci\u00f3n fue reportada alrededor de las 18:30 horas de ayer, en el cruce de Servidumbre del Paso y Durango, en la Colonia Jardines de Capellan\u00eda.<\/span><\/p>\n<p>A ese lugar<span style=\"font-size: 1rem;\">\u00a0llegaron socorristas de la Cruz Verde de Guadalupe, quienes confirmaron la muerte del hombre.<\/span><span style=\"font-size: 1rem;\">\u00a0<\/span><\/p>\n<p><span style=\"font-size: 1rem;\">Testigoscomentaron a los agentes de la Polic\u00eda Ministerial, que el occiso viajaba en su camioneta cuando fue atacado a balazos por delincuentes que viajaban en un auto, del que no se dieron caracter\u00edsticas.<\/span><\/p>\n<p>Garc\u00eda<span style=\"font-size: 1rem;\">\u00a0Leal corri\u00f3 para tratar de salvarse, pero fue alcanzado por los delincuentes, quienes le dispararon a corta distancia.<\/span><\/p>\n<p><span style=\"font-size: 1rem;\">En la escena del crimen, peritos de la Fiscal\u00eda recolectaron alrededor de 10 casquillos calibre 9 mil\u00edmetros.<\/span><\/p>\n<p>Fuente: El Norte<\/p>\n","protected":false},"excerpt":{"rendered":"<p>Cadereyta Jim\u00e9nez, N.L.-\u00a0Cuando se dirig\u00eda a una refaccionaria, un hombre fue atacado a balazos cuando se desplazaba en su camioneta, en este municipio.\u00a0 Jos\u00e9Garc\u00eda Leal, de 21 a\u00f1os, alcanz\u00f3 a correr varios metros, pero fue alcanzado por los delincuentes, quienes lo remataron. La ejecuci\u00f3n fue reportada alrededor de las 18:30 horas de ayer, en el [&hellip;]<\/p>\n","protected":false},"author":9,"featured_media":14883,"comment_status":"open","ping_status":"closed","sticky":false,"template":"","format":"standard","meta":{"footnotes":""},"categories":[17,8,9],"tags":[913],"class_list":["post-14882","post","type-post","status-publish","format-standard","has-post-thumbnail","hentry","category-locales-cadereyta","category-seguridad","category-seguridad-cadereyta","tag-ejecuciones-cadereyta"],"_links":{"self":[{"href":"https:\/\/laultimapalabra.com.mx\/portal\/wp-json\/wp\/v2\/posts\/14882","targetHints":{"allow":["GET"]}}],"collection":[{"href":"https:\/\/laultimapalabra.com.mx\/portal\/wp-json\/wp\/v2\/posts"}],"about":[{"href":"https:\/\/laultimapalabra.com.mx\/portal\/wp-json\/wp\/v2\/types\/post"}],"author":[{"embeddable":true,"href":"https:\/\/laultimapalabra.com.mx\/portal\/wp-json\/wp\/v2\/users\/9"}],"replies":[{"embeddable":true,"href":"https:\/\/laultimapalabra.com.mx\/portal\/wp-json\/wp\/v2\/comments?post=14882"}],"version-history":[{"count":1,"href":"https:\/\/laultimapalabra.com.mx\/portal\/wp-json\/wp\/v2\/posts\/14882\/revisions"}],"predecessor-version":[{"id":70713,"href":"https:\/\/laultimapalabra.com.mx\/portal\/wp-json\/wp\/v2\/posts\/14882\/revisions\/70713"}],"wp:featuredmedia":[{"embeddable":true,"href":"https:\/\/laultimapalabra.com.mx\/portal\/wp-json\/wp\/v2\/media\/14883"}],"wp:attachment":[{"href":"https:\/\/laultimapalabra.com.mx\/portal\/wp-json\/wp\/v2\/media?parent=14882"}],"wp:term":[{"taxonomy":"category","embeddable":true,"href":"https:\/\/laultimapalabra.com.mx\/portal\/wp-json\/wp\/v2\/categories?post=14882"},{"taxonomy":"post_tag","embeddable":true,"href":"https:\/\/laultimapalabra.com.mx\/portal\/wp-json\/wp\/v2\/tags?post=14882"}],"curies":[{"name":"wp","href":"https:\/\/api.w.org\/{rel}","templated":true}]}}