                       {"id":14898,"date":"2020-05-18T14:32:21","date_gmt":"2020-05-18T19:32:21","guid":{"rendered":"http:\/\/laultimapalabra.info\/?p=14898"},"modified":"2024-12-11T10:01:12","modified_gmt":"2024-12-11T16:01:12","slug":"hospital-general-de-juarez-atendera-hasta-a-50-pacientes-con-covid-19","status":"publish","type":"post","link":"https:\/\/laultimapalabra.com.mx\/portal\/hospital-general-de-juarez-atendera-hasta-a-50-pacientes-con-covid-19\/","title":{"rendered":"Hospital General de Ju\u00e1rez atender\u00e1 hasta a 50 pacientes con Covid-19"},"content":{"rendered":"<p style=\"text-align: justify;\">Autoridades informaron que aunque este nosocomio a\u00fan no tiene operaciones, estas se pondr\u00e1n en marcha cuando el sistema de salud del Estado tenga una ocupaci\u00f3n del 80 por ciento.<\/p>\n<p style=\"text-align: justify;\"><img loading=\"lazy\" decoding=\"async\" class=\"size-medium wp-image-14899 alignright\" src=\"https:\/\/laultimapalabra.com.mx\/portal\/wp-content\/uploads\/2020\/05\/WhatsApp-Image-2020-05-18-at-1.30.59-PM-300x200.jpeg\" alt=\"\" width=\"300\" height=\"200\" srcset=\"https:\/\/laultimapalabra.com.mx\/portal\/wp-content\/uploads\/2020\/05\/WhatsApp-Image-2020-05-18-at-1.30.59-PM-300x200.jpeg 300w, https:\/\/laultimapalabra.com.mx\/portal\/wp-content\/uploads\/2020\/05\/WhatsApp-Image-2020-05-18-at-1.30.59-PM.jpeg 696w\" sizes=\"auto, (max-width: 300px) 100vw, 300px\" \/>JU\u00c1REZ.- Como parte de las acciones constituidas para el Plan DN-III-E de la Secretar\u00eda de la Defensa Nacional (Sedena), el Hospital General de Ju\u00e1rez, Nuevo Le\u00f3n atender\u00e1 a pacientes contagiados de Covid-19.<\/p>\n<p style=\"text-align: justify;\">El nosocomio con capacidad de hasta 50 pacientes a\u00fan no tiene operaciones activas, ya que se prev\u00e9 utilizarlo, cuando el sistema de salud del Estado, rebase el 80 por ciento de ocupaci\u00f3n.<\/p>\n<p style=\"text-align: justify;\">Este lunes, se puso en marcha el Plan de la Sedena, comenzando con un recorrido en el aeropuerto Internacional de Monterrey \u201cGeneral Mariano Escobedo\u201d, donde se implement\u00f3 un filtro para pasajeros que arriben al lugar.<\/p>\n","protected":false},"excerpt":{"rendered":"<p>Autoridades informaron que aunque este nosocomio a\u00fan no tiene operaciones, estas se pondr\u00e1n en marcha cuando el sistema de salud del Estado tenga una ocupaci\u00f3n del 80 por ciento. JU\u00c1REZ.- Como parte de las acciones constituidas para el Plan DN-III-E de la Secretar\u00eda de la Defensa Nacional (Sedena), el Hospital General de Ju\u00e1rez, Nuevo Le\u00f3n [&hellip;]<\/p>\n","protected":false},"author":9,"featured_media":14900,"comment_status":"open","ping_status":"closed","sticky":false,"template":"","format":"standard","meta":{"footnotes":""},"categories":[18],"tags":[1190,2440],"class_list":["post-14898","post","type-post","status-publish","format-standard","has-post-thumbnail","hentry","category-locales-juarez","tag-heribeto-trevino-cantu","tag-hospital-de-juarez"],"_links":{"self":[{"href":"https:\/\/laultimapalabra.com.mx\/portal\/wp-json\/wp\/v2\/posts\/14898","targetHints":{"allow":["GET"]}}],"collection":[{"href":"https:\/\/laultimapalabra.com.mx\/portal\/wp-json\/wp\/v2\/posts"}],"about":[{"href":"https:\/\/laultimapalabra.com.mx\/portal\/wp-json\/wp\/v2\/types\/post"}],"author":[{"embeddable":true,"href":"https:\/\/laultimapalabra.com.mx\/portal\/wp-json\/wp\/v2\/users\/9"}],"replies":[{"embeddable":true,"href":"https:\/\/laultimapalabra.com.mx\/portal\/wp-json\/wp\/v2\/comments?post=14898"}],"version-history":[{"count":1,"href":"https:\/\/laultimapalabra.com.mx\/portal\/wp-json\/wp\/v2\/posts\/14898\/revisions"}],"predecessor-version":[{"id":70723,"href":"https:\/\/laultimapalabra.com.mx\/portal\/wp-json\/wp\/v2\/posts\/14898\/revisions\/70723"}],"wp:featuredmedia":[{"embeddable":true,"href":"https:\/\/laultimapalabra.com.mx\/portal\/wp-json\/wp\/v2\/media\/14900"}],"wp:attachment":[{"href":"https:\/\/laultimapalabra.com.mx\/portal\/wp-json\/wp\/v2\/media?parent=14898"}],"wp:term":[{"taxonomy":"category","embeddable":true,"href":"https:\/\/laultimapalabra.com.mx\/portal\/wp-json\/wp\/v2\/categories?post=14898"},{"taxonomy":"post_tag","embeddable":true,"href":"https:\/\/laultimapalabra.com.mx\/portal\/wp-json\/wp\/v2\/tags?post=14898"}],"curies":[{"name":"wp","href":"https:\/\/api.w.org\/{rel}","templated":true}]}}