                       {"id":14916,"date":"2020-05-18T16:23:58","date_gmt":"2020-05-18T21:23:58","guid":{"rendered":"http:\/\/laultimapalabra.info\/?p=14916"},"modified":"2024-12-11T10:01:12","modified_gmt":"2024-12-11T16:01:12","slug":"ante-aumento-en-contagios-intensifican-perifoneo-contra-el-covid-19-en-juarez","status":"publish","type":"post","link":"https:\/\/laultimapalabra.com.mx\/portal\/ante-aumento-en-contagios-intensifican-perifoneo-contra-el-covid-19-en-juarez\/","title":{"rendered":"Ante aumento en contagios, intensifican perifoneo contra el Covid 19 en Ju\u00e1rez"},"content":{"rendered":"<p style=\"text-align: justify;\"><img loading=\"lazy\" decoding=\"async\" class=\"size-medium wp-image-14917 alignleft\" src=\"https:\/\/laultimapalabra.com.mx\/portal\/wp-content\/uploads\/2020\/05\/97866731_244504400143815_4851950191227437056_n-166x300.jpg\" alt=\"\" width=\"166\" height=\"300\" srcset=\"https:\/\/laultimapalabra.com.mx\/portal\/wp-content\/uploads\/2020\/05\/97866731_244504400143815_4851950191227437056_n-166x300.jpg 166w, https:\/\/laultimapalabra.com.mx\/portal\/wp-content\/uploads\/2020\/05\/97866731_244504400143815_4851950191227437056_n-568x1024.jpg 568w, https:\/\/laultimapalabra.com.mx\/portal\/wp-content\/uploads\/2020\/05\/97866731_244504400143815_4851950191227437056_n-768x1385.jpg 768w, https:\/\/laultimapalabra.com.mx\/portal\/wp-content\/uploads\/2020\/05\/97866731_244504400143815_4851950191227437056_n-852x1536.jpg 852w, https:\/\/laultimapalabra.com.mx\/portal\/wp-content\/uploads\/2020\/05\/97866731_244504400143815_4851950191227437056_n.jpg 1080w\" sizes=\"auto, (max-width: 166px) 100vw, 166px\" \/>Ju\u00e1rez, N. L.- Respecto al Covid 19 en esta ciudad, la administraci\u00f3n encabezada por Heriberto Trevi\u00f1o Cant\u00fa, se vio obligada a intensificar el perifoneo en las calles de esta ciudad tras el aumento en el n\u00famero de los casos confirmados durante este fin de semana, siempre conminando a la ciudadan\u00eda a continuar con las medidas preventivas y a mantenerse en sus casas por la tranquilidad, seguridad y salud de sus familias.<\/p>\n","protected":false},"excerpt":{"rendered":"<p>Ju\u00e1rez, N. L.- Respecto al Covid 19 en esta ciudad, la administraci\u00f3n encabezada por Heriberto Trevi\u00f1o Cant\u00fa, se vio obligada a intensificar el perifoneo en las calles de esta ciudad tras el aumento en el n\u00famero de los casos confirmados durante este fin de semana, siempre conminando a la ciudadan\u00eda a continuar con las medidas [&hellip;]<\/p>\n","protected":false},"author":9,"featured_media":14917,"comment_status":"open","ping_status":"closed","sticky":false,"template":"","format":"standard","meta":{"footnotes":""},"categories":[18],"tags":[2433,1188],"class_list":["post-14916","post","type-post","status-publish","format-standard","has-post-thumbnail","hentry","category-locales-juarez","tag-covid-19-juarez","tag-heriberto-trevino-cantu"],"_links":{"self":[{"href":"https:\/\/laultimapalabra.com.mx\/portal\/wp-json\/wp\/v2\/posts\/14916","targetHints":{"allow":["GET"]}}],"collection":[{"href":"https:\/\/laultimapalabra.com.mx\/portal\/wp-json\/wp\/v2\/posts"}],"about":[{"href":"https:\/\/laultimapalabra.com.mx\/portal\/wp-json\/wp\/v2\/types\/post"}],"author":[{"embeddable":true,"href":"https:\/\/laultimapalabra.com.mx\/portal\/wp-json\/wp\/v2\/users\/9"}],"replies":[{"embeddable":true,"href":"https:\/\/laultimapalabra.com.mx\/portal\/wp-json\/wp\/v2\/comments?post=14916"}],"version-history":[{"count":1,"href":"https:\/\/laultimapalabra.com.mx\/portal\/wp-json\/wp\/v2\/posts\/14916\/revisions"}],"predecessor-version":[{"id":70733,"href":"https:\/\/laultimapalabra.com.mx\/portal\/wp-json\/wp\/v2\/posts\/14916\/revisions\/70733"}],"wp:featuredmedia":[{"embeddable":true,"href":"https:\/\/laultimapalabra.com.mx\/portal\/wp-json\/wp\/v2\/media\/14917"}],"wp:attachment":[{"href":"https:\/\/laultimapalabra.com.mx\/portal\/wp-json\/wp\/v2\/media?parent=14916"}],"wp:term":[{"taxonomy":"category","embeddable":true,"href":"https:\/\/laultimapalabra.com.mx\/portal\/wp-json\/wp\/v2\/categories?post=14916"},{"taxonomy":"post_tag","embeddable":true,"href":"https:\/\/laultimapalabra.com.mx\/portal\/wp-json\/wp\/v2\/tags?post=14916"}],"curies":[{"name":"wp","href":"https:\/\/api.w.org\/{rel}","templated":true}]}}