                       {"id":15067,"date":"2020-05-27T13:48:29","date_gmt":"2020-05-27T18:48:29","guid":{"rendered":"http:\/\/laultimapalabra.info\/?p=15067"},"modified":"2024-12-11T10:01:13","modified_gmt":"2024-12-11T16:01:13","slug":"en-cadereyta-se-roban-hasta-los-pericos","status":"publish","type":"post","link":"https:\/\/laultimapalabra.com.mx\/portal\/en-cadereyta-se-roban-hasta-los-pericos\/","title":{"rendered":"En Cadereyta&#8230;  Se roban \u00a1\u00a1Hasta los pericos!!"},"content":{"rendered":"<div id=\"attachment_15068\" style=\"width: 249px\" class=\"wp-caption alignleft\"><img loading=\"lazy\" decoding=\"async\" aria-describedby=\"caption-attachment-15068\" class=\"size-medium wp-image-15068\" src=\"https:\/\/laultimapalabra.com.mx\/portal\/wp-content\/uploads\/2020\/05\/100502394_3158640717514116_5915885831796555776_n-239x300.jpg\" alt=\"\" width=\"239\" height=\"300\" srcset=\"https:\/\/laultimapalabra.com.mx\/portal\/wp-content\/uploads\/2020\/05\/100502394_3158640717514116_5915885831796555776_n-239x300.jpg 239w, https:\/\/laultimapalabra.com.mx\/portal\/wp-content\/uploads\/2020\/05\/100502394_3158640717514116_5915885831796555776_n.jpg 350w\" sizes=\"auto, (max-width: 239px) 100vw, 239px\" \/><p id=\"caption-attachment-15068\" class=\"wp-caption-text\">Foto: ilustrativa.<\/p><\/div>\n<p style=\"text-align: justify;\">Cadereyta Jim\u00e9nez, N.L.- Tal parece que los robos est\u00e1n traspasando los l\u00edmites normales en este municipio, pues despu\u00e9s de que la semana pasada di\u00e9ramos a conocer el robo de un pino, ayer circul\u00f3 en las redes el reporte de la extracci\u00f3n de \u00a1Un perico! En la colonia L\u00e1zaro C\u00e1rdenas.<br \/>\nEl hecho se suscit\u00f3 antier, cuando sobre la calle Carlos Villarreal dos personas fueron observadas en la esquina del domicilio afectado y posteriormente se introdujeron aproximadamente a las 14:30 horas al domicilio donde estaban los habitantes entretenidos en sus quehaceres.<br \/>\nLas aves sustra\u00eddas fueron unos agaponis, que tras la publicaci\u00f3n de la afectada fueron recuperados, ya que la comunidad colabor\u00f3 en su b\u00fasqueda, comentando que cuando los ubico e hizo la reclamaci\u00f3n de los mismos, las personas que los ten\u00edan amablemente se los regresaron aludiendo que no deseaban problemas, sin embargo comentaron seg\u00fan informaci\u00f3n dada a este medio por la afectada, que las personas que los robaron los cambiaron por comida.<br \/>\nSeg\u00fan la vecina de la colonia arriba mencionada, no es la primera vez que sustraen cosas de los patios de su domicilio, situaci\u00f3n muy preocupante para los habitantes de est\u00e1 colonia, puesto que ya no pueden dejar nada en las afueras de sus domicilios porque temen que les sean robados, aunado a que en esta ocasi\u00f3n los ladrones entraron mientras la hija de la afectada se encontraba distra\u00edda trapeando su casa.<br \/>\nSuena a juego, a broma, sin embargo la situaci\u00f3n de la seguridad en la ciudad al parecer cada vez est\u00e1 peor, mientras que la Secretaria de Seguridad P\u00fablica Municipal, en lugar de anunciar aumento en los efectivos para brindar m\u00e1s seguridad a los jimenenses, da a conocer despidos tras despidos de los mismos.<\/p>\n<p style=\"text-align: justify;\">\n","protected":false},"excerpt":{"rendered":"<p>Cadereyta Jim\u00e9nez, N.L.- Tal parece que los robos est\u00e1n traspasando los l\u00edmites normales en este municipio, pues despu\u00e9s de que la semana pasada di\u00e9ramos a conocer el robo de un pino, ayer circul\u00f3 en las redes el reporte de la extracci\u00f3n de \u00a1Un perico! En la colonia L\u00e1zaro C\u00e1rdenas. El hecho se suscit\u00f3 antier, cuando [&hellip;]<\/p>\n","protected":false},"author":9,"featured_media":15068,"comment_status":"open","ping_status":"closed","sticky":false,"template":"","format":"standard","meta":{"footnotes":""},"categories":[8,9],"tags":[2039],"class_list":["post-15067","post","type-post","status-publish","format-standard","has-post-thumbnail","hentry","category-seguridad","category-seguridad-cadereyta","tag-robos-cadereyta"],"_links":{"self":[{"href":"https:\/\/laultimapalabra.com.mx\/portal\/wp-json\/wp\/v2\/posts\/15067","targetHints":{"allow":["GET"]}}],"collection":[{"href":"https:\/\/laultimapalabra.com.mx\/portal\/wp-json\/wp\/v2\/posts"}],"about":[{"href":"https:\/\/laultimapalabra.com.mx\/portal\/wp-json\/wp\/v2\/types\/post"}],"author":[{"embeddable":true,"href":"https:\/\/laultimapalabra.com.mx\/portal\/wp-json\/wp\/v2\/users\/9"}],"replies":[{"embeddable":true,"href":"https:\/\/laultimapalabra.com.mx\/portal\/wp-json\/wp\/v2\/comments?post=15067"}],"version-history":[{"count":1,"href":"https:\/\/laultimapalabra.com.mx\/portal\/wp-json\/wp\/v2\/posts\/15067\/revisions"}],"predecessor-version":[{"id":70811,"href":"https:\/\/laultimapalabra.com.mx\/portal\/wp-json\/wp\/v2\/posts\/15067\/revisions\/70811"}],"wp:featuredmedia":[{"embeddable":true,"href":"https:\/\/laultimapalabra.com.mx\/portal\/wp-json\/wp\/v2\/media\/15068"}],"wp:attachment":[{"href":"https:\/\/laultimapalabra.com.mx\/portal\/wp-json\/wp\/v2\/media?parent=15067"}],"wp:term":[{"taxonomy":"category","embeddable":true,"href":"https:\/\/laultimapalabra.com.mx\/portal\/wp-json\/wp\/v2\/categories?post=15067"},{"taxonomy":"post_tag","embeddable":true,"href":"https:\/\/laultimapalabra.com.mx\/portal\/wp-json\/wp\/v2\/tags?post=15067"}],"curies":[{"name":"wp","href":"https:\/\/api.w.org\/{rel}","templated":true}]}}