                       {"id":15108,"date":"2020-05-30T10:52:50","date_gmt":"2020-05-30T15:52:50","guid":{"rendered":"http:\/\/laultimapalabra.info\/?p=15108"},"modified":"2024-12-11T10:01:14","modified_gmt":"2024-12-11T16:01:14","slug":"tras-impedir-asalto-ejecutan-a-taxista-en-cadereyta","status":"publish","type":"post","link":"https:\/\/laultimapalabra.com.mx\/portal\/tras-impedir-asalto-ejecutan-a-taxista-en-cadereyta\/","title":{"rendered":"Tras impedir asalto; ejecutan a taxista en Cadereyta"},"content":{"rendered":"<p style=\"text-align: left;\"><span style=\"font-size: 1rem;\"><img loading=\"lazy\" decoding=\"async\" class=\"size-medium wp-image-15109 alignright\" src=\"https:\/\/laultimapalabra.com.mx\/portal\/wp-content\/uploads\/2020\/05\/escena-del-crimen-archivo-1-300x187.jpg\" alt=\"\" width=\"300\" height=\"187\" srcset=\"https:\/\/laultimapalabra.com.mx\/portal\/wp-content\/uploads\/2020\/05\/escena-del-crimen-archivo-1-300x187.jpg 300w, https:\/\/laultimapalabra.com.mx\/portal\/wp-content\/uploads\/2020\/05\/escena-del-crimen-archivo-1-768x478.jpg 768w, https:\/\/laultimapalabra.com.mx\/portal\/wp-content\/uploads\/2020\/05\/escena-del-crimen-archivo-1.jpg 958w\" sizes=\"auto, (max-width: 300px) 100vw, 300px\" \/>Cadereyta Jim\u00e9nez, N.L.-<\/span><\/p>\n<p>Tras evitar que una mujer fuera asaltada, un taxista falleci\u00f3 de al menos un disparo en la cabeza al exterior de una tienda localizada en el centro del municipio de Cadereyta.<\/p>\n<p>De acuerdo con autoridades, el taxista sali\u00f3 de un estacionamiento y se percat\u00f3 que una se\u00f1ora estaba siendo asaltada por un hombre, por lo cual intent\u00f3 defenderla. Sin embargo, el delincuente le dispar\u00f3 al taxista.<\/p>\n<p>Al arribo de param\u00e9dicos, la v\u00edctima, de entre 55 a 60 a\u00f1os de edad, ya no contaba con signos vitales; la identidad del taxista no ha sido revelada.<\/p>\n<p>Autoridades estatales y municipales investigan el hecho, y los indicios que lleven al paradero del responsable.<\/p>\n<p>Fuente: Milenio<\/p>\n","protected":false},"excerpt":{"rendered":"<p>Cadereyta Jim\u00e9nez, N.L.- Tras evitar que una mujer fuera asaltada, un taxista falleci\u00f3 de al menos un disparo en la cabeza al exterior de una tienda localizada en el centro del municipio de Cadereyta. De acuerdo con autoridades, el taxista sali\u00f3 de un estacionamiento y se percat\u00f3 que una se\u00f1ora estaba siendo asaltada por un [&hellip;]<\/p>\n","protected":false},"author":9,"featured_media":15109,"comment_status":"open","ping_status":"closed","sticky":false,"template":"","format":"standard","meta":{"footnotes":""},"categories":[8,9],"tags":[913],"class_list":["post-15108","post","type-post","status-publish","format-standard","has-post-thumbnail","hentry","category-seguridad","category-seguridad-cadereyta","tag-ejecuciones-cadereyta"],"_links":{"self":[{"href":"https:\/\/laultimapalabra.com.mx\/portal\/wp-json\/wp\/v2\/posts\/15108","targetHints":{"allow":["GET"]}}],"collection":[{"href":"https:\/\/laultimapalabra.com.mx\/portal\/wp-json\/wp\/v2\/posts"}],"about":[{"href":"https:\/\/laultimapalabra.com.mx\/portal\/wp-json\/wp\/v2\/types\/post"}],"author":[{"embeddable":true,"href":"https:\/\/laultimapalabra.com.mx\/portal\/wp-json\/wp\/v2\/users\/9"}],"replies":[{"embeddable":true,"href":"https:\/\/laultimapalabra.com.mx\/portal\/wp-json\/wp\/v2\/comments?post=15108"}],"version-history":[{"count":1,"href":"https:\/\/laultimapalabra.com.mx\/portal\/wp-json\/wp\/v2\/posts\/15108\/revisions"}],"predecessor-version":[{"id":70833,"href":"https:\/\/laultimapalabra.com.mx\/portal\/wp-json\/wp\/v2\/posts\/15108\/revisions\/70833"}],"wp:featuredmedia":[{"embeddable":true,"href":"https:\/\/laultimapalabra.com.mx\/portal\/wp-json\/wp\/v2\/media\/15109"}],"wp:attachment":[{"href":"https:\/\/laultimapalabra.com.mx\/portal\/wp-json\/wp\/v2\/media?parent=15108"}],"wp:term":[{"taxonomy":"category","embeddable":true,"href":"https:\/\/laultimapalabra.com.mx\/portal\/wp-json\/wp\/v2\/categories?post=15108"},{"taxonomy":"post_tag","embeddable":true,"href":"https:\/\/laultimapalabra.com.mx\/portal\/wp-json\/wp\/v2\/tags?post=15108"}],"curies":[{"name":"wp","href":"https:\/\/api.w.org\/{rel}","templated":true}]}}