                       {"id":15186,"date":"2020-06-04T17:25:14","date_gmt":"2020-06-04T22:25:14","guid":{"rendered":"http:\/\/laultimapalabra.info\/?p=15186"},"modified":"2024-12-11T10:01:14","modified_gmt":"2024-12-11T16:01:14","slug":"asesinan-a-albanil-con-fusil-en-cadereyta","status":"publish","type":"post","link":"https:\/\/laultimapalabra.com.mx\/portal\/asesinan-a-albanil-con-fusil-en-cadereyta\/","title":{"rendered":"Asesinan a alba\u00f1il con fusil en Cadereyta"},"content":{"rendered":"<div class=\"\" data-block=\"true\" data-editor=\"7ps3s\" data-offset-key=\"3h4of-0-0\">\n<div class=\"_1mf _1mj\" style=\"text-align: justify;\" data-offset-key=\"3h4of-0-0\"><span style=\"font-size: 1rem;\"><img loading=\"lazy\" decoding=\"async\" class=\"size-medium wp-image-15187 alignleft\" src=\"https:\/\/laultimapalabra.com.mx\/portal\/wp-content\/uploads\/2020\/06\/8861726-300x200.jpg\" alt=\"\" width=\"300\" height=\"200\" srcset=\"https:\/\/laultimapalabra.com.mx\/portal\/wp-content\/uploads\/2020\/06\/8861726-300x200.jpg 300w, https:\/\/laultimapalabra.com.mx\/portal\/wp-content\/uploads\/2020\/06\/8861726.jpg 660w\" sizes=\"auto, (max-width: 300px) 100vw, 300px\" \/>Cadereyta Jim\u00e9nez, N. L.- Con disparos de un fusil de asalto, un alba\u00f1il fue ejecutado a tiros en el Centro de Cadereyta. Esto, despu\u00e9s de haber pasado la tarde en casa de sus pap\u00e1s, Leonardo M\u00e1rquez Garza, de 30 a\u00f1os, se retir\u00f3, sin establecerse a qu\u00e9 lugar y con qui\u00e9n.<\/span><\/div>\n<\/div>\n<div class=\"\" style=\"text-align: justify;\" data-block=\"true\" data-editor=\"7ps3s\" data-offset-key=\"4alhb-0-0\">\n<div class=\"_1mf _1mj\" data-offset-key=\"4alhb-0-0\"><span data-offset-key=\"4alhb-0-0\">Por la noche, a los familiares les fueron a avisar que el hombre estaba tirado en la calle Mina, hasta donde lleg\u00f3 un hermano de \u00e9l y lo identific\u00f3.<\/span><\/div>\n<\/div>\n<div class=\"\" style=\"text-align: justify;\" data-block=\"true\" data-editor=\"7ps3s\" data-offset-key=\"9fuqf-0-0\">\n<div class=\"_1mf _1mj\" data-offset-key=\"9fuqf-0-0\"><span data-offset-key=\"9fuqf-0-0\">Posteriormente a esto, socorristas llegaron a brindarle los primeros auxilios, pero ya hab\u00eda muerto. <\/span><\/div>\n<\/div>\n<div class=\"\" style=\"text-align: justify;\" data-block=\"true\" data-editor=\"7ps3s\" data-offset-key=\"fas1-0-0\">\n<div class=\"_1mf _1mj\" data-offset-key=\"fas1-0-0\"><span data-offset-key=\"fas1-0-0\">Una fuente policial dijo que el hombre alba\u00f1il presentaba cuatro impactos de bala, registr\u00e1ndose el crimen cerca de las 22:20 horas de ayer martes. <\/span><\/div>\n<\/div>\n<div class=\"\" style=\"text-align: justify;\" data-block=\"true\" data-editor=\"7ps3s\" data-offset-key=\"23lvt-0-0\">\n<div class=\"_1mf _1mj\" data-offset-key=\"23lvt-0-0\"><span data-offset-key=\"23lvt-0-0\">En la escena del crimen, detall\u00f3 la fuente, qued\u00f3 un veh\u00edculo Volkswagen Derby color gris y con placas de la Ciudad de M\u00e9xico, el cual presentaba impactos de bala, no se especific\u00e1ndose si el auto estaba relacionado con los hechos o s\u00f3lo fue alcanzado por las balas.<\/span><\/div>\n<\/div>\n<div class=\"\" style=\"text-align: justify;\" data-block=\"true\" data-editor=\"7ps3s\" data-offset-key=\"db3jr-0-0\">\n<div class=\"_1mf _1mj\" data-offset-key=\"db3jr-0-0\"><span data-offset-key=\"db3jr-0-0\">\u00a0<\/span><\/div>\n<\/div>\n<div class=\"\" data-block=\"true\" data-editor=\"7ps3s\" data-offset-key=\"3rj6i-0-0\">\n<div class=\"_1mf _1mj\" style=\"text-align: justify;\" data-offset-key=\"3rj6i-0-0\"><span data-offset-key=\"3rj6i-0-0\">FUENTE: EL NORTE<\/span><\/div>\n<\/div>\n","protected":false},"excerpt":{"rendered":"<p>Cadereyta Jim\u00e9nez, N. L.- Con disparos de un fusil de asalto, un alba\u00f1il fue ejecutado a tiros en el Centro de Cadereyta. Esto, despu\u00e9s de haber pasado la tarde en casa de sus pap\u00e1s, Leonardo M\u00e1rquez Garza, de 30 a\u00f1os, se retir\u00f3, sin establecerse a qu\u00e9 lugar y con qui\u00e9n. Por la noche, a los [&hellip;]<\/p>\n","protected":false},"author":9,"featured_media":15187,"comment_status":"open","ping_status":"closed","sticky":false,"template":"","format":"standard","meta":{"footnotes":""},"categories":[17,8,9],"tags":[926],"class_list":["post-15186","post","type-post","status-publish","format-standard","has-post-thumbnail","hentry","category-locales-cadereyta","category-seguridad","category-seguridad-cadereyta","tag-ejecutados-cadereyta"],"_links":{"self":[{"href":"https:\/\/laultimapalabra.com.mx\/portal\/wp-json\/wp\/v2\/posts\/15186","targetHints":{"allow":["GET"]}}],"collection":[{"href":"https:\/\/laultimapalabra.com.mx\/portal\/wp-json\/wp\/v2\/posts"}],"about":[{"href":"https:\/\/laultimapalabra.com.mx\/portal\/wp-json\/wp\/v2\/types\/post"}],"author":[{"embeddable":true,"href":"https:\/\/laultimapalabra.com.mx\/portal\/wp-json\/wp\/v2\/users\/9"}],"replies":[{"embeddable":true,"href":"https:\/\/laultimapalabra.com.mx\/portal\/wp-json\/wp\/v2\/comments?post=15186"}],"version-history":[{"count":1,"href":"https:\/\/laultimapalabra.com.mx\/portal\/wp-json\/wp\/v2\/posts\/15186\/revisions"}],"predecessor-version":[{"id":70875,"href":"https:\/\/laultimapalabra.com.mx\/portal\/wp-json\/wp\/v2\/posts\/15186\/revisions\/70875"}],"wp:featuredmedia":[{"embeddable":true,"href":"https:\/\/laultimapalabra.com.mx\/portal\/wp-json\/wp\/v2\/media\/15187"}],"wp:attachment":[{"href":"https:\/\/laultimapalabra.com.mx\/portal\/wp-json\/wp\/v2\/media?parent=15186"}],"wp:term":[{"taxonomy":"category","embeddable":true,"href":"https:\/\/laultimapalabra.com.mx\/portal\/wp-json\/wp\/v2\/categories?post=15186"},{"taxonomy":"post_tag","embeddable":true,"href":"https:\/\/laultimapalabra.com.mx\/portal\/wp-json\/wp\/v2\/tags?post=15186"}],"curies":[{"name":"wp","href":"https:\/\/api.w.org\/{rel}","templated":true}]}}