                       {"id":15208,"date":"2020-06-08T20:43:39","date_gmt":"2020-06-09T01:43:39","guid":{"rendered":"http:\/\/laultimapalabra.info\/?p=15208"},"modified":"2024-12-11T10:01:14","modified_gmt":"2024-12-11T16:01:14","slug":"se-declara-en-sesion-permanente-consejo-de-pc-en-cadereyta-ante-temporada-de-ciclones","status":"publish","type":"post","link":"https:\/\/laultimapalabra.com.mx\/portal\/se-declara-en-sesion-permanente-consejo-de-pc-en-cadereyta-ante-temporada-de-ciclones\/","title":{"rendered":"Se declara en Sesi\u00f3n Permanente Consejo de PC en Cadereyta ante temporada de ciclones"},"content":{"rendered":"<p style=\"text-align: justify;\"><img loading=\"lazy\" decoding=\"async\" class=\"size-medium wp-image-15209 alignright\" src=\"https:\/\/laultimapalabra.com.mx\/portal\/wp-content\/uploads\/2020\/06\/103180917_3191219480922906_8624108501830990242_o-300x200.jpg\" alt=\"\" width=\"300\" height=\"200\" srcset=\"https:\/\/laultimapalabra.com.mx\/portal\/wp-content\/uploads\/2020\/06\/103180917_3191219480922906_8624108501830990242_o-300x200.jpg 300w, https:\/\/laultimapalabra.com.mx\/portal\/wp-content\/uploads\/2020\/06\/103180917_3191219480922906_8624108501830990242_o-1024x682.jpg 1024w, https:\/\/laultimapalabra.com.mx\/portal\/wp-content\/uploads\/2020\/06\/103180917_3191219480922906_8624108501830990242_o-768x512.jpg 768w, https:\/\/laultimapalabra.com.mx\/portal\/wp-content\/uploads\/2020\/06\/103180917_3191219480922906_8624108501830990242_o.jpg 1280w\" sizes=\"auto, (max-width: 300px) 100vw, 300px\" \/>Cadereyta Jim\u00e9nez, N.L.-<br \/>\nCon el objetivo de aminorar el efecto destructivo de los Ciclones Tropicales, Lluvias Torrenciales e Inundaciones en el Municipio, el Consejo de Protecci\u00f3n Civil en Cadereyta se declar\u00f3 en sesi\u00f3n permanente despu\u00e9s de sostener una reuni\u00f3n de trabajo la ma\u00f1ana del lunes 8 de junio en la Sala de Cabildo de la Presidencia Municipal con la participaci\u00f3n de funcionario<span class=\"text_exposed_show\">s de distintas \u00e1reas de la administraci\u00f3n 2018-2021.<br \/>\nEl Presidente del Consejo Municipal de Protecci\u00f3n Civil y Alcalde de Cadereyta, Ernesto Quintanilla Villarreal, encabez\u00f3 la reuni\u00f3n junto a Guillermo de Le\u00f3n Delgado, Director de Servicios de Emergencias y Secretario T\u00e9cnico del Consejo, donde pidieron a los integrantes estar al pendiente antes, durante y despu\u00e9s de alg\u00fan acontecimiento de la naturaleza en esta temporada de ciclones.<br \/>\n\u201cEl d\u00eda de hoy estamos dando por iniciado y en sesi\u00f3n permanente al Consejo Municipal de Protecci\u00f3n Civil con la intenci\u00f3n de prevenir accidentes o desastres que llegara a presentar alg\u00fan Hurac\u00e1n o tormenta tropical, afortunadamente hoy en d\u00eda es mucha la tecnolog\u00eda con la que cuenta el pa\u00eds, y podemos de una u otra manera tratar de prevenir y salvaguardar la vida de los ciudadanos\u201d, coment\u00f3 Quintanilla Villarreal.<br \/>\nPor su conducto, Guillermo de Le\u00f3n coment\u00f3 que por instrucciones del alcalde Ernesto Quintanilla, se estar\u00e1n revisando los posibles albergues, las alcantarillas, r\u00edos y puentes del municipio para estar prevenidos ante cualquier Fen\u00f3meno Meteorol\u00f3gico.<\/span><\/p>\n","protected":false},"excerpt":{"rendered":"<p>Cadereyta Jim\u00e9nez, N.L.- Con el objetivo de aminorar el efecto destructivo de los Ciclones Tropicales, Lluvias Torrenciales e Inundaciones en el Municipio, el Consejo de Protecci\u00f3n Civil en Cadereyta se declar\u00f3 en sesi\u00f3n permanente despu\u00e9s de sostener una reuni\u00f3n de trabajo la ma\u00f1ana del lunes 8 de junio en la Sala de Cabildo de la [&hellip;]<\/p>\n","protected":false},"author":9,"featured_media":15210,"comment_status":"open","ping_status":"closed","sticky":false,"template":"","format":"standard","meta":{"footnotes":""},"categories":[17],"tags":[2571,1172,2586],"class_list":["post-15208","post","type-post","status-publish","format-standard","has-post-thumbnail","hentry","category-locales-cadereyta","tag-ernesto-quintanilla-villarreal","tag-guillermo-de-leon-delgado","tag-pc-caereyta"],"_links":{"self":[{"href":"https:\/\/laultimapalabra.com.mx\/portal\/wp-json\/wp\/v2\/posts\/15208","targetHints":{"allow":["GET"]}}],"collection":[{"href":"https:\/\/laultimapalabra.com.mx\/portal\/wp-json\/wp\/v2\/posts"}],"about":[{"href":"https:\/\/laultimapalabra.com.mx\/portal\/wp-json\/wp\/v2\/types\/post"}],"author":[{"embeddable":true,"href":"https:\/\/laultimapalabra.com.mx\/portal\/wp-json\/wp\/v2\/users\/9"}],"replies":[{"embeddable":true,"href":"https:\/\/laultimapalabra.com.mx\/portal\/wp-json\/wp\/v2\/comments?post=15208"}],"version-history":[{"count":1,"href":"https:\/\/laultimapalabra.com.mx\/portal\/wp-json\/wp\/v2\/posts\/15208\/revisions"}],"predecessor-version":[{"id":70885,"href":"https:\/\/laultimapalabra.com.mx\/portal\/wp-json\/wp\/v2\/posts\/15208\/revisions\/70885"}],"wp:featuredmedia":[{"embeddable":true,"href":"https:\/\/laultimapalabra.com.mx\/portal\/wp-json\/wp\/v2\/media\/15210"}],"wp:attachment":[{"href":"https:\/\/laultimapalabra.com.mx\/portal\/wp-json\/wp\/v2\/media?parent=15208"}],"wp:term":[{"taxonomy":"category","embeddable":true,"href":"https:\/\/laultimapalabra.com.mx\/portal\/wp-json\/wp\/v2\/categories?post=15208"},{"taxonomy":"post_tag","embeddable":true,"href":"https:\/\/laultimapalabra.com.mx\/portal\/wp-json\/wp\/v2\/tags?post=15208"}],"curies":[{"name":"wp","href":"https:\/\/api.w.org\/{rel}","templated":true}]}}