                       {"id":1521,"date":"2018-05-10T23:31:43","date_gmt":"2018-05-10T23:31:43","guid":{"rendered":"http:\/\/laultimapalabra.info\/?p=1521"},"modified":"2024-12-11T08:37:11","modified_gmt":"2024-12-11T14:37:11","slug":"la-celebracion-del-5-de-mayo-es-de-mayor-importancia-en-estados-unidos-que-en-mexico","status":"publish","type":"post","link":"https:\/\/laultimapalabra.com.mx\/portal\/la-celebracion-del-5-de-mayo-es-de-mayor-importancia-en-estados-unidos-que-en-mexico\/","title":{"rendered":"La celebraci\u00f3n del 5 de Mayo es de mayor importancia en Estados Unidos que en M\u00e9xico"},"content":{"rendered":"<p style=\"text-align: justify;\"><img loading=\"lazy\" decoding=\"async\" class=\"size-medium wp-image-1523 alignright\" src=\"https:\/\/laultimapalabra.com.mx\/portal\/wp-content\/uploads\/2018\/05\/dr-chon-562-copia-300x157.jpg\" alt=\"\" width=\"300\" height=\"157\" \/>Por: Jos\u00e9 Ascenci\u00f3n Tijerina Flores<\/p>\n<p style=\"text-align: justify;\">Fue en 1863 cuando se llev\u00f3 a cabo la primera celebraci\u00f3n oficial para conmemorar el primer aniversario de la batalla del 5 de Mayo realizada en Puebla, la Alameda de la Ciudad de M\u00e9xico fue el sitio donde se efectu\u00f3 dicho evento.<br \/>\nPosteriormente en 1867 se instituy\u00f3 esta celebraci\u00f3n c\u00edvica para conmemorar la defensa de los mexicanos contra el dominio extranjero. En la actualidad, durante ese d\u00eda se lleva a cabo una ceremonia oficial para recordar la haza\u00f1a de los mexicanos comandados por Don Ignacio Zaragoza, militar que estudi\u00f3, trabaj\u00f3 y contrajo matrimonio en Monterrey N.L. con Do\u00f1a Rafaela Padilla.<br \/>\nNo obstante la magnitud del acontecimiento, su recuerdo se ha ido diluyendo en la memoria de los mexicanos, mientras en Estados Unidos se festeja como la fecha m\u00e1s importante del calendario c\u00edvico enriqueciendo m\u00e1s la historia en aquel pa\u00eds, sobre todo en los estados fronterizos del sur donde se organizan unas series de festejos que involucran no s\u00f3lo a los mexicanos o chicanos si no a gran n\u00famero de latinoamericanos.<br \/>\nSeg\u00fan se cita en los libros \u201cmito identidad y rito mexicanos y chicanos en California\u201d de Mariangel Rodr\u00edguez y \u201cLa batalla del 5 de mayo ayer y hoy\u201d de Mar\u00eda Cristina Urrieta y Rebeca Orozco, para celebrar la fecha se organizan verbenas populares, desfiles con vestimentas mexicanas (charros) conciertos al aire libre con m\u00fasica latina de mariachis e incluso danzas ind\u00edgenas, comida mexicana con el patrocinio de firmas importantes de corporaciones comerciales.<br \/>\nIncluso ese d\u00eda, el Presidente Norteamericano suele dirigir un mensaje a la comunidad hispana y se organizan eventos en la mism\u00edsima casa blanca (la de EE.UU.) a la que asisten personalidades y artistas distinguidos.<br \/>\nClaro que es vergonzoso que en M\u00e9xico se festeje la fecha solo para estar de asueto y nada m\u00e1s, porque si bien, Porfirio D\u00edaz y los soldados oaxaque\u00f1os fueron parte importante, los forjados por Juan Zuazua, as\u00ed como Escobedo y Zaragoza fueron fundamentales para derrotar a los franceses.<br \/>\nDe 1870 a 1920 casi todos los municipios de la entidad festejaban en grande este hecho, era natural debido que gran parte del ejercito triunfante estuvo conformado por Nuevo Leoneses.<br \/>\nAmhed Valtier, historiador reconocido, asegura que la celebraci\u00f3n es m\u00e1s intensa en Estados Unidos que en M\u00e9xico por conveniencia a la pol\u00edtica de aquel Pa\u00eds.<br \/>\nLa batalla del 5 de mayo fue el triunfo sobre una potencia europea, Francia, lo que coincide con la pol\u00edtica de Am\u00e9rica para los americanos.<br \/>\nDesafortunadamente no creemos que mucha gente de Estados Unidos sepa realmente lo que ocurri\u00f3 el 5 de Mayo en Puebla, pero si, tal vez se deja llevar por cuestiones comerciales.<br \/>\nAs\u00ed, mientras que en M\u00e9xico la historia de aquella lucha pasa casi desapercibida, en Estados Unidos se vuele cada a\u00f1o m\u00e1s s\u00f3lida, sobre todo porque es una bandera hispana sobre una europea que no es del todo manejable por el poderoso Pa\u00eds vecino del norte.<br \/>\nNo lo cree usted as\u00ed?<br \/>\nGracias<\/p>\n","protected":false},"excerpt":{"rendered":"<p>Por: Jos\u00e9 Ascenci\u00f3n Tijerina Flores Fue en 1863 cuando se llev\u00f3 a cabo la primera celebraci\u00f3n oficial para conmemorar el primer aniversario de la batalla del 5 de Mayo realizada en Puebla, la Alameda de la Ciudad de M\u00e9xico fue el sitio donde se efectu\u00f3 dicho evento. Posteriormente en 1867 se instituy\u00f3 esta celebraci\u00f3n c\u00edvica [&hellip;]<\/p>\n","protected":false},"author":9,"featured_media":1523,"comment_status":"open","ping_status":"closed","sticky":false,"template":"","format":"standard","meta":{"footnotes":""},"categories":[1],"tags":[879],"class_list":["post-1521","post","type-post","status-publish","format-standard","has-post-thumbnail","hentry","category-noticias","tag-dr-jose-ascencion-tijerina-flores"],"_links":{"self":[{"href":"https:\/\/laultimapalabra.com.mx\/portal\/wp-json\/wp\/v2\/posts\/1521","targetHints":{"allow":["GET"]}}],"collection":[{"href":"https:\/\/laultimapalabra.com.mx\/portal\/wp-json\/wp\/v2\/posts"}],"about":[{"href":"https:\/\/laultimapalabra.com.mx\/portal\/wp-json\/wp\/v2\/types\/post"}],"author":[{"embeddable":true,"href":"https:\/\/laultimapalabra.com.mx\/portal\/wp-json\/wp\/v2\/users\/9"}],"replies":[{"embeddable":true,"href":"https:\/\/laultimapalabra.com.mx\/portal\/wp-json\/wp\/v2\/comments?post=1521"}],"version-history":[{"count":1,"href":"https:\/\/laultimapalabra.com.mx\/portal\/wp-json\/wp\/v2\/posts\/1521\/revisions"}],"predecessor-version":[{"id":63825,"href":"https:\/\/laultimapalabra.com.mx\/portal\/wp-json\/wp\/v2\/posts\/1521\/revisions\/63825"}],"wp:featuredmedia":[{"embeddable":true,"href":"https:\/\/laultimapalabra.com.mx\/portal\/wp-json\/"}],"wp:attachment":[{"href":"https:\/\/laultimapalabra.com.mx\/portal\/wp-json\/wp\/v2\/media?parent=1521"}],"wp:term":[{"taxonomy":"category","embeddable":true,"href":"https:\/\/laultimapalabra.com.mx\/portal\/wp-json\/wp\/v2\/categories?post=1521"},{"taxonomy":"post_tag","embeddable":true,"href":"https:\/\/laultimapalabra.com.mx\/portal\/wp-json\/wp\/v2\/tags?post=1521"}],"curies":[{"name":"wp","href":"https:\/\/api.w.org\/{rel}","templated":true}]}}