                       {"id":15266,"date":"2020-06-11T11:18:46","date_gmt":"2020-06-11T16:18:46","guid":{"rendered":"http:\/\/laultimapalabra.info\/?p=15266"},"modified":"2024-12-11T10:01:15","modified_gmt":"2024-12-11T16:01:15","slug":"tienen-cadereyta-y-juarez-campeones-en-el-campeonato-nacional-de-lima-lama","status":"publish","type":"post","link":"https:\/\/laultimapalabra.com.mx\/portal\/tienen-cadereyta-y-juarez-campeones-en-el-campeonato-nacional-de-lima-lama\/","title":{"rendered":"Tienen Cadereyta y Ju\u00e1rez campeones en el Campeonato Nacional de Lima Lama"},"content":{"rendered":"<p><span style=\"font-size: 1rem;\"><img loading=\"lazy\" decoding=\"async\" class=\"size-medium wp-image-15267 alignright\" src=\"https:\/\/laultimapalabra.com.mx\/portal\/wp-content\/uploads\/2020\/06\/IMG-20200611-WA0016-300x169.jpg\" alt=\"\" width=\"300\" height=\"169\" srcset=\"https:\/\/laultimapalabra.com.mx\/portal\/wp-content\/uploads\/2020\/06\/IMG-20200611-WA0016-300x169.jpg 300w, https:\/\/laultimapalabra.com.mx\/portal\/wp-content\/uploads\/2020\/06\/IMG-20200611-WA0016-1024x576.jpg 1024w, https:\/\/laultimapalabra.com.mx\/portal\/wp-content\/uploads\/2020\/06\/IMG-20200611-WA0016-768x432.jpg 768w, https:\/\/laultimapalabra.com.mx\/portal\/wp-content\/uploads\/2020\/06\/IMG-20200611-WA0016.jpg 1280w\" sizes=\"auto, (max-width: 300px) 100vw, 300px\" \/>Cadereyta Jim\u00e9nez, N.L- Atletas de Ju\u00e1rez y Cadereyta lograron traerse los primeros lugares del Campeonato Nacional de Lima Lama avalado por la Federaci\u00f3n Mexicana de Lima Lama (Femedell) el pasado 13 y 14 de marzo en el Centro de Convenciones de Ciudad Madero, Tamaulipas.<\/span><\/p>\n<p>Entre los atletas de Ju\u00e1rez se encuentra Wendy Leticia Bautista Garc\u00eda, cinta azul de la colonia Los Encinos quien logr\u00f3 el primer lugar en formas y segundo lugar en pelea continua.<br \/>\nHugo Javier de la Rosa Garza, cinta negra multicampe\u00f3n de la colonia Quinta Las Sabinas, quien conquist\u00f3 el primer lugar en puntos y primer lugar en pelea contin\u00faa, cabe destacar que actualmente es campe\u00f3n nacional en Full Contact.<br \/>\nCon ellos Eduardo David Galv\u00e1n \u00c1lvarez, cinta azul de la colonia Paseo del Prado, quien tambi\u00e9n conquist\u00f3 el segundo lugar en pelea continua y tercer lugar en pelea por puntos, adem\u00e1s de un segundo lugar en formas.<br \/>\nPor parte de los atletas jimenenses, de la colonia Fomerrey Cadereyta, categor\u00eda cintas verdes, se encuentran Jennifer Anah\u00ed Madrigal Rubio, quien obtuvo el primer lugar en pelea de puntos y en el primero en pelea continua e Irving L\u00f3pez Garza, quien obtuvo el segundo lugar en pelea por puntos.<br \/>\nLa delegaci\u00f3n de 15 atletas son representativos de la escuela de artes marciales UDAM, dirigida por el master s\u00e9ptimo dan, Jos\u00e9 Pedro \u00c1lvarez Z\u00fa\u00f1iga, quien por 33 a\u00f1os ha sido mentor de campeones nacionales e internacionales.<\/p>\n","protected":false},"excerpt":{"rendered":"<p>Cadereyta Jim\u00e9nez, N.L- Atletas de Ju\u00e1rez y Cadereyta lograron traerse los primeros lugares del Campeonato Nacional de Lima Lama avalado por la Federaci\u00f3n Mexicana de Lima Lama (Femedell) el pasado 13 y 14 de marzo en el Centro de Convenciones de Ciudad Madero, Tamaulipas. Entre los atletas de Ju\u00e1rez se encuentra Wendy Leticia Bautista Garc\u00eda, [&hellip;]<\/p>\n","protected":false},"author":9,"featured_media":15267,"comment_status":"open","ping_status":"closed","sticky":false,"template":"","format":"standard","meta":{"footnotes":""},"categories":[1],"tags":[2594],"class_list":["post-15266","post","type-post","status-publish","format-standard","has-post-thumbnail","hentry","category-noticias","tag-campeones-lima-lama-2020"],"_links":{"self":[{"href":"https:\/\/laultimapalabra.com.mx\/portal\/wp-json\/wp\/v2\/posts\/15266","targetHints":{"allow":["GET"]}}],"collection":[{"href":"https:\/\/laultimapalabra.com.mx\/portal\/wp-json\/wp\/v2\/posts"}],"about":[{"href":"https:\/\/laultimapalabra.com.mx\/portal\/wp-json\/wp\/v2\/types\/post"}],"author":[{"embeddable":true,"href":"https:\/\/laultimapalabra.com.mx\/portal\/wp-json\/wp\/v2\/users\/9"}],"replies":[{"embeddable":true,"href":"https:\/\/laultimapalabra.com.mx\/portal\/wp-json\/wp\/v2\/comments?post=15266"}],"version-history":[{"count":1,"href":"https:\/\/laultimapalabra.com.mx\/portal\/wp-json\/wp\/v2\/posts\/15266\/revisions"}],"predecessor-version":[{"id":70913,"href":"https:\/\/laultimapalabra.com.mx\/portal\/wp-json\/wp\/v2\/posts\/15266\/revisions\/70913"}],"wp:featuredmedia":[{"embeddable":true,"href":"https:\/\/laultimapalabra.com.mx\/portal\/wp-json\/wp\/v2\/media\/15267"}],"wp:attachment":[{"href":"https:\/\/laultimapalabra.com.mx\/portal\/wp-json\/wp\/v2\/media?parent=15266"}],"wp:term":[{"taxonomy":"category","embeddable":true,"href":"https:\/\/laultimapalabra.com.mx\/portal\/wp-json\/wp\/v2\/categories?post=15266"},{"taxonomy":"post_tag","embeddable":true,"href":"https:\/\/laultimapalabra.com.mx\/portal\/wp-json\/wp\/v2\/tags?post=15266"}],"curies":[{"name":"wp","href":"https:\/\/api.w.org\/{rel}","templated":true}]}}