                       {"id":15300,"date":"2020-06-12T10:19:26","date_gmt":"2020-06-12T15:19:26","guid":{"rendered":"http:\/\/laultimapalabra.info\/?p=15300"},"modified":"2024-12-11T10:01:15","modified_gmt":"2024-12-11T16:01:15","slug":"cambio-en-afores-no-es-para-generar-miedo-amlo","status":"publish","type":"post","link":"https:\/\/laultimapalabra.com.mx\/portal\/cambio-en-afores-no-es-para-generar-miedo-amlo\/","title":{"rendered":"Cambio en Afores no es para generar miedo.- AMLO"},"content":{"rendered":"<p><span style=\"font-size: 1rem;\"><img loading=\"lazy\" decoding=\"async\" class=\"size-medium wp-image-15301 alignleft\" src=\"https:\/\/laultimapalabra.com.mx\/portal\/wp-content\/uploads\/2020\/06\/4804310-300x200.jpg\" alt=\"\" width=\"300\" height=\"200\" srcset=\"https:\/\/laultimapalabra.com.mx\/portal\/wp-content\/uploads\/2020\/06\/4804310-300x200.jpg 300w, https:\/\/laultimapalabra.com.mx\/portal\/wp-content\/uploads\/2020\/06\/4804310-768x512.jpg 768w, https:\/\/laultimapalabra.com.mx\/portal\/wp-content\/uploads\/2020\/06\/4804310.jpg 960w\" sizes=\"auto, (max-width: 300px) 100vw, 300px\" \/>Cd. de M\u00e9xico (12 junio 2020).-<\/span><\/p>\n<p>El Presidente L\u00f3pez Obrador asegur\u00f3 que su planteamiento sobre modificar el sistema de Afores no busca generar miedo o incertidumbre ni afectar a las administradoras de fondos.<\/p>\n<p>&#8220;Resulta que no se contempl\u00f3, para decirlo suavemente, que iban a ir perdiendo los trabajadores y si no hay una reforma, un cambio, no de forma impositiva, sino con empresarios, fondos, los que se van a ir jubilando van a recibir, si no hacemos nada, ni siquiera el salario m\u00ednimo, van a recibir la mitad de lo que m\u00ednimamente les corresponde&#8221;, expuso en conferencia ma\u00f1anera.<\/p>\n<p>&#8220;Entonces no podemos dar la espalda a este asunto, a\u00fan cuando a nosotros no nos va a afectar, porque va a empezar a ocurrir a partir del 2024 y en menor proporci\u00f3n, pero en el sexenio pr\u00f3ximo, el siguiente, s\u00ed van a tener un problema grav\u00edsimo, entonces, problema que se soslaya, estalla. No lo entendieron as\u00ed algunos medios, manejaron de que \u00edbamos a cambiar las reglas con una reforma que va afectar a las administradoras de estos fondos, no es as\u00ed, no era para meter miedo o crear incertidumbre&#8221;.<\/p>\n<p>El Mandatario reiter\u00f3 que el sistema result\u00f3 un problema que se origin\u00f3 en el Gobierno de Ernesto Zedillo.<\/p>\n<p>Asimismo, dijo que se escuchar\u00e1n propuestas de legisladores y hasta de organismos empresariales sobre los cambios a la reforma de pensiones.<\/p>\n<p>&#8220;Hay que escuchar a todos y hay tiempo, esto no lo podemos hacer ahora. S\u00ed hay que hacerlo por lo que estoy planteando de que va a convertirse en un problema grave y tenemos que resolverlo entre todos, enderezar ese entuerto, corregir ese error de estos tecn\u00f3cratas irresponsables, t\u00e9cnicos que se cre\u00edan cient\u00edficos y que nos metieron en cada problema. Tenemos que estar corrigi\u00e9ndole la plana de todo lo que hicieron mal, contrario al inter\u00e9s general, eso s\u00ed, para favorecer a grupos que han hecho su agosto&#8221;, dijo. &#8220;Yo no dije en la campa\u00f1a que \u00edbamos a quitar las Afores, no dije que \u00edbamos a nacionalizar los ferrocarriles, yo estoy diciendo lo que di a conocer durante la campa\u00f1a, si ustedes leen el libro La Salida, que escrib\u00ed antes de las elecciones, ah\u00ed est\u00e1 el programa que estamos llevando a cabo, no enga\u00f1\u00e9 y no voy a enga\u00f1ar a nadie&#8221;.<\/p>\n<p>Fuente: El Norte<\/p>\n","protected":false},"excerpt":{"rendered":"<p>Cd. de M\u00e9xico (12 junio 2020).- El Presidente L\u00f3pez Obrador asegur\u00f3 que su planteamiento sobre modificar el sistema de Afores no busca generar miedo o incertidumbre ni afectar a las administradoras de fondos. &#8220;Resulta que no se contempl\u00f3, para decirlo suavemente, que iban a ir perdiendo los trabajadores y si no hay una reforma, un [&hellip;]<\/p>\n","protected":false},"author":9,"featured_media":15301,"comment_status":"open","ping_status":"closed","sticky":false,"template":"","format":"standard","meta":{"footnotes":""},"categories":[19],"tags":[2598,124],"class_list":["post-15300","post","type-post","status-publish","format-standard","has-post-thumbnail","hentry","category-nacional","tag-afores","tag-amlo"],"_links":{"self":[{"href":"https:\/\/laultimapalabra.com.mx\/portal\/wp-json\/wp\/v2\/posts\/15300","targetHints":{"allow":["GET"]}}],"collection":[{"href":"https:\/\/laultimapalabra.com.mx\/portal\/wp-json\/wp\/v2\/posts"}],"about":[{"href":"https:\/\/laultimapalabra.com.mx\/portal\/wp-json\/wp\/v2\/types\/post"}],"author":[{"embeddable":true,"href":"https:\/\/laultimapalabra.com.mx\/portal\/wp-json\/wp\/v2\/users\/9"}],"replies":[{"embeddable":true,"href":"https:\/\/laultimapalabra.com.mx\/portal\/wp-json\/wp\/v2\/comments?post=15300"}],"version-history":[{"count":1,"href":"https:\/\/laultimapalabra.com.mx\/portal\/wp-json\/wp\/v2\/posts\/15300\/revisions"}],"predecessor-version":[{"id":70931,"href":"https:\/\/laultimapalabra.com.mx\/portal\/wp-json\/wp\/v2\/posts\/15300\/revisions\/70931"}],"wp:featuredmedia":[{"embeddable":true,"href":"https:\/\/laultimapalabra.com.mx\/portal\/wp-json\/wp\/v2\/media\/15301"}],"wp:attachment":[{"href":"https:\/\/laultimapalabra.com.mx\/portal\/wp-json\/wp\/v2\/media?parent=15300"}],"wp:term":[{"taxonomy":"category","embeddable":true,"href":"https:\/\/laultimapalabra.com.mx\/portal\/wp-json\/wp\/v2\/categories?post=15300"},{"taxonomy":"post_tag","embeddable":true,"href":"https:\/\/laultimapalabra.com.mx\/portal\/wp-json\/wp\/v2\/tags?post=15300"}],"curies":[{"name":"wp","href":"https:\/\/api.w.org\/{rel}","templated":true}]}}