                       {"id":15317,"date":"2020-06-15T14:38:06","date_gmt":"2020-06-15T19:38:06","guid":{"rendered":"http:\/\/laultimapalabra.info\/?p=15317"},"modified":"2024-12-11T10:01:15","modified_gmt":"2024-12-11T16:01:15","slug":"sufre-lalo-leal-volcadura-en-arramberri","status":"publish","type":"post","link":"https:\/\/laultimapalabra.com.mx\/portal\/sufre-lalo-leal-volcadura-en-arramberri\/","title":{"rendered":"Sufre Lalo Leal volcadura en Arramberri"},"content":{"rendered":"<p><span style=\"font-size: 1rem;\"><img loading=\"lazy\" decoding=\"async\" class=\"size-medium wp-image-15318 alignright\" src=\"https:\/\/laultimapalabra.com.mx\/portal\/wp-content\/uploads\/2020\/06\/IMG-20200614-WA0009-300x225.jpg\" alt=\"\" width=\"300\" height=\"225\" srcset=\"https:\/\/laultimapalabra.com.mx\/portal\/wp-content\/uploads\/2020\/06\/IMG-20200614-WA0009-300x225.jpg 300w, https:\/\/laultimapalabra.com.mx\/portal\/wp-content\/uploads\/2020\/06\/IMG-20200614-WA0009-1024x768.jpg 1024w, https:\/\/laultimapalabra.com.mx\/portal\/wp-content\/uploads\/2020\/06\/IMG-20200614-WA0009-768x576.jpg 768w, https:\/\/laultimapalabra.com.mx\/portal\/wp-content\/uploads\/2020\/06\/IMG-20200614-WA0009.jpg 1280w\" sizes=\"auto, (max-width: 300px) 100vw, 300px\" \/>Monterrey, N.L.- El diputado local del PAN, Eduardo Leal Buenfil, result\u00f3 lesionado al igual que unos j\u00f3venes que viajaban con \u00e9l en una camioneta en Aramberri.<\/span><\/p>\n<p>El accidente vial fue por la carretera de Galeana a Dr. Arroyo, kil\u00f3metro 21 a la altura del Ejido Puentes del municipio de Aramberri, reportado la ma\u00f1ana de ayer domingo, a las corporaciones policiacas que se dirigieron al lugar, as\u00ed como de Protecci\u00f3n Civil.<br \/>\nAl llegar los elementos de emergencia de Aramberri, se confirm\u00f3, estaban varios j\u00f3venes con diferentes heridas de no gravedad, y una persona que se identific\u00f3 como diputado del PAN, se\u00f1alando, \u201cSoy Lalo, soy diputado del PAN\u201d.<br \/>\nEl legislador, Eduardo Leal Buenfil de 28 a\u00f1os de edad con domicilio en Cadereyta, Nuevo Le\u00f3n, presentaba una herida en el parte frontal izquierdo, seg\u00fan el reporte policiaco.<br \/>\nLos j\u00f3venes que lo acompa\u00f1aban eran el supuesto conductor, Javier Guerra Garza y Julio Joaqu\u00edn Castillo S\u00e1nchez, quienes fueron trasladados al Centro de Salud de Aramberri.<br \/>\nEl veh\u00edculo en que viajaban era una Nissan, tipo Frontier, color gris, con placas PK 47 87 A del estado de Nuevo Le\u00f3n; la cual quedo muy da\u00f1ada.<br \/>\nLa polic\u00eda no revelo las causas que originaron la volcadura, pero dos testigos contaron que a distancia vieron salirse de la carretera la camioneta, que dio tres vueltas.<br \/>\nUna fuente consultada, se\u00f1alo que altas horas de la noche del s\u00e1bado fueron vistos en Dr. Arroyo, con bebidas embriagantes.<br \/>\nEl reporte policiaco, se\u00f1al\u00f3 que la camioneta, iba de Aramberri rumbo al ejido Sand\u00eda, cuando se registr\u00f3 la volcadura, alrededor de las seis de la ma\u00f1ana, pero por la distancia, los cuerpos de emergencia tardaron 25 minutos en llegar, desde la cabecera de Aramberri, hasta el lugar de la volcadura.<\/p>\n","protected":false},"excerpt":{"rendered":"<p>Monterrey, N.L.- El diputado local del PAN, Eduardo Leal Buenfil, result\u00f3 lesionado al igual que unos j\u00f3venes que viajaban con \u00e9l en una camioneta en Aramberri. El accidente vial fue por la carretera de Galeana a Dr. Arroyo, kil\u00f3metro 21 a la altura del Ejido Puentes del municipio de Aramberri, reportado la ma\u00f1ana de ayer [&hellip;]<\/p>\n","protected":false},"author":9,"featured_media":15319,"comment_status":"open","ping_status":"closed","sticky":false,"template":"","format":"standard","meta":{"footnotes":""},"categories":[15],"tags":[905],"class_list":["post-15317","post","type-post","status-publish","format-standard","has-post-thumbnail","hentry","category-estado","tag-eduardo-leal-buenfil"],"_links":{"self":[{"href":"https:\/\/laultimapalabra.com.mx\/portal\/wp-json\/wp\/v2\/posts\/15317","targetHints":{"allow":["GET"]}}],"collection":[{"href":"https:\/\/laultimapalabra.com.mx\/portal\/wp-json\/wp\/v2\/posts"}],"about":[{"href":"https:\/\/laultimapalabra.com.mx\/portal\/wp-json\/wp\/v2\/types\/post"}],"author":[{"embeddable":true,"href":"https:\/\/laultimapalabra.com.mx\/portal\/wp-json\/wp\/v2\/users\/9"}],"replies":[{"embeddable":true,"href":"https:\/\/laultimapalabra.com.mx\/portal\/wp-json\/wp\/v2\/comments?post=15317"}],"version-history":[{"count":1,"href":"https:\/\/laultimapalabra.com.mx\/portal\/wp-json\/wp\/v2\/posts\/15317\/revisions"}],"predecessor-version":[{"id":70939,"href":"https:\/\/laultimapalabra.com.mx\/portal\/wp-json\/wp\/v2\/posts\/15317\/revisions\/70939"}],"wp:featuredmedia":[{"embeddable":true,"href":"https:\/\/laultimapalabra.com.mx\/portal\/wp-json\/wp\/v2\/media\/15319"}],"wp:attachment":[{"href":"https:\/\/laultimapalabra.com.mx\/portal\/wp-json\/wp\/v2\/media?parent=15317"}],"wp:term":[{"taxonomy":"category","embeddable":true,"href":"https:\/\/laultimapalabra.com.mx\/portal\/wp-json\/wp\/v2\/categories?post=15317"},{"taxonomy":"post_tag","embeddable":true,"href":"https:\/\/laultimapalabra.com.mx\/portal\/wp-json\/wp\/v2\/tags?post=15317"}],"curies":[{"name":"wp","href":"https:\/\/api.w.org\/{rel}","templated":true}]}}