                       {"id":15321,"date":"2020-06-15T14:49:11","date_gmt":"2020-06-15T19:49:11","guid":{"rendered":"http:\/\/laultimapalabra.info\/?p=15321"},"modified":"2024-12-11T10:01:15","modified_gmt":"2024-12-11T16:01:15","slug":"ejecutan-a-hombre-en-zona-caliente-de-cadereyta","status":"publish","type":"post","link":"https:\/\/laultimapalabra.com.mx\/portal\/ejecutan-a-hombre-en-zona-caliente-de-cadereyta\/","title":{"rendered":"Ejecutan a hombre en zona caliente de Cadereyta"},"content":{"rendered":"<p><span style=\"font-size: 1rem;\">Un hombre fue asesinado ayer por un grupo armado, en la Colonia Alberos, en Cadereyta.<\/span><\/p>\n<p>Con este hecho, ya son seis los ataques en lo que va del a\u00f1o, en esa misma colonia. .<\/p>\n<p><img loading=\"lazy\" decoding=\"async\" class=\"size-medium wp-image-15322 alignleft\" src=\"https:\/\/laultimapalabra.com.mx\/portal\/wp-content\/uploads\/2020\/06\/FB_IMG_1592250494917-300x225.jpg\" alt=\"\" width=\"300\" height=\"225\" srcset=\"https:\/\/laultimapalabra.com.mx\/portal\/wp-content\/uploads\/2020\/06\/FB_IMG_1592250494917-300x225.jpg 300w, https:\/\/laultimapalabra.com.mx\/portal\/wp-content\/uploads\/2020\/06\/FB_IMG_1592250494917.jpg 480w\" sizes=\"auto, (max-width: 300px) 100vw, 300px\" \/>Cadereyta Jim\u00e9nez, N.L.- La violencia en Cadereyta, presuntamente por la disputa entre organizaciones del crimen rivales, suma 34 ejecuciones y adem\u00e1s un taxista fue asesinado a balazos cuando trat\u00f3 de evitar que una mujer fuera asaltada.<\/p>\n<p>El caso de ayer fue reportado a las autoridades a las 12:45 horas en el cruce de las calles Jacaranda y Sauce, indic\u00f3 una fuente policiaca.<\/p>\n<p>Seg\u00fan los datos del informante, el occiso fue identificado como Alan Jonathan Hern\u00e1ndez Reyna, de 23 a\u00f1os.<\/p>\n<p>La fuente explic\u00f3 que el hombre luego del ataque fue trasladado por param\u00e9dicos al Hospital de Pemex, en el mismo municipio.<\/p>\n<p>Sin embargo, por la gravedad de sus heridas, fue cambiado al Hospital Universitario, donde muri\u00f3 horas m\u00e1s tarde.<\/p>\n<p>Al sitio se movilizaron elementos de la Polic\u00eda de Cadereyta y de Fuerza Civil, as\u00ed como agentes ministeriales y peritos para la recolecci\u00f3n de evidencias.<\/p>\n<p>Varios vecinos manifestaron a las autoridades que escucharon al menos cuatro balazos, dijo el informante.<\/p>\n<p>En la escena de la agresi\u00f3n qued\u00f3 una gorra roja, aparentemente del herido, y manchas de sangre. No se precis\u00f3 si se localizaron casquillos.<\/p>\n<p>Sobre los atacantes, las autoridades hasta anoche no hab\u00edan revelado detalles e investigaban el m\u00f3vil.<\/p>\n<p>Familiares del lesionado acudieron al sitio y se retiraron cuando fueron informados de que estaba internado en el citado hospital de Monterrey.<\/p>\n","protected":false},"excerpt":{"rendered":"<p>Un hombre fue asesinado ayer por un grupo armado, en la Colonia Alberos, en Cadereyta. Con este hecho, ya son seis los ataques en lo que va del a\u00f1o, en esa misma colonia. . Cadereyta Jim\u00e9nez, N.L.- La violencia en Cadereyta, presuntamente por la disputa entre organizaciones del crimen rivales, suma 34 ejecuciones y adem\u00e1s [&hellip;]<\/p>\n","protected":false},"author":9,"featured_media":15322,"comment_status":"open","ping_status":"closed","sticky":false,"template":"","format":"standard","meta":{"footnotes":""},"categories":[8,9],"tags":[913],"class_list":["post-15321","post","type-post","status-publish","format-standard","has-post-thumbnail","hentry","category-seguridad","category-seguridad-cadereyta","tag-ejecuciones-cadereyta"],"_links":{"self":[{"href":"https:\/\/laultimapalabra.com.mx\/portal\/wp-json\/wp\/v2\/posts\/15321","targetHints":{"allow":["GET"]}}],"collection":[{"href":"https:\/\/laultimapalabra.com.mx\/portal\/wp-json\/wp\/v2\/posts"}],"about":[{"href":"https:\/\/laultimapalabra.com.mx\/portal\/wp-json\/wp\/v2\/types\/post"}],"author":[{"embeddable":true,"href":"https:\/\/laultimapalabra.com.mx\/portal\/wp-json\/wp\/v2\/users\/9"}],"replies":[{"embeddable":true,"href":"https:\/\/laultimapalabra.com.mx\/portal\/wp-json\/wp\/v2\/comments?post=15321"}],"version-history":[{"count":1,"href":"https:\/\/laultimapalabra.com.mx\/portal\/wp-json\/wp\/v2\/posts\/15321\/revisions"}],"predecessor-version":[{"id":70941,"href":"https:\/\/laultimapalabra.com.mx\/portal\/wp-json\/wp\/v2\/posts\/15321\/revisions\/70941"}],"wp:featuredmedia":[{"embeddable":true,"href":"https:\/\/laultimapalabra.com.mx\/portal\/wp-json\/wp\/v2\/media\/15322"}],"wp:attachment":[{"href":"https:\/\/laultimapalabra.com.mx\/portal\/wp-json\/wp\/v2\/media?parent=15321"}],"wp:term":[{"taxonomy":"category","embeddable":true,"href":"https:\/\/laultimapalabra.com.mx\/portal\/wp-json\/wp\/v2\/categories?post=15321"},{"taxonomy":"post_tag","embeddable":true,"href":"https:\/\/laultimapalabra.com.mx\/portal\/wp-json\/wp\/v2\/tags?post=15321"}],"curies":[{"name":"wp","href":"https:\/\/api.w.org\/{rel}","templated":true}]}}