                       {"id":15414,"date":"2020-06-22T14:04:47","date_gmt":"2020-06-22T19:04:47","guid":{"rendered":"http:\/\/laultimapalabra.info\/?p=15414"},"modified":"2024-12-11T10:01:16","modified_gmt":"2024-12-11T16:01:16","slug":"choca-y-huye","status":"publish","type":"post","link":"https:\/\/laultimapalabra.com.mx\/portal\/choca-y-huye\/","title":{"rendered":"Choca y huye"},"content":{"rendered":"<p><span style=\"font-size: 1rem;\"><img loading=\"lazy\" decoding=\"async\" class=\"size-medium wp-image-15415 alignleft\" src=\"https:\/\/laultimapalabra.com.mx\/portal\/wp-content\/uploads\/2020\/06\/IMG-20200622-WA0003-300x283.jpg\" alt=\"\" width=\"300\" height=\"283\" srcset=\"https:\/\/laultimapalabra.com.mx\/portal\/wp-content\/uploads\/2020\/06\/IMG-20200622-WA0003-300x283.jpg 300w, https:\/\/laultimapalabra.com.mx\/portal\/wp-content\/uploads\/2020\/06\/IMG-20200622-WA0003.jpg 720w\" sizes=\"auto, (max-width: 300px) 100vw, 300px\" \/>Cadereyta Jim\u00e9nez, N.L.- La ma\u00f1ana de ayer se suscit\u00f3 un fuerte accidente sobre la carretera libre a Reynosa a la altura de la Refiner\u00eda H\u00e9ctor R. Lara Sosa en el municipio de Cadereyta donde un veh\u00edculo tipo Tsuru marca Nissan result\u00f3 como perdida total, y aunque su tripulante fue llevado a un nosocomio de la localidad para su atenci\u00f3n m\u00e9dica; trascendi\u00f3 que se encuentra estable y fuera de peligro.\u00a0<\/span><\/p>\n<p>El otro veh\u00edculo participante trascendi\u00f3 que despu\u00e9s del fuerte impacto huy\u00f3 del lugar de los hechos, trat\u00e1ndose presuntamente de un cami\u00f3n blanco de alguna compa\u00f1\u00eda que al parecer labora para la paraestatal.<br \/>\nElementos de tr\u00e1nsito municipal estuvieron atendiendo el caso y se espera que con su colaboraci\u00f3n se de con el paradero del veh\u00edculo que se dio a la fuga.<\/p>\n","protected":false},"excerpt":{"rendered":"<p>Cadereyta Jim\u00e9nez, N.L.- La ma\u00f1ana de ayer se suscit\u00f3 un fuerte accidente sobre la carretera libre a Reynosa a la altura de la Refiner\u00eda H\u00e9ctor R. Lara Sosa en el municipio de Cadereyta donde un veh\u00edculo tipo Tsuru marca Nissan result\u00f3 como perdida total, y aunque su tripulante fue llevado a un nosocomio de la [&hellip;]<\/p>\n","protected":false},"author":9,"featured_media":15416,"comment_status":"open","ping_status":"closed","sticky":false,"template":"","format":"standard","meta":{"footnotes":""},"categories":[17],"tags":[551],"class_list":["post-15414","post","type-post","status-publish","format-standard","has-post-thumbnail","hentry","category-locales-cadereyta","tag-choques-cadereyta"],"_links":{"self":[{"href":"https:\/\/laultimapalabra.com.mx\/portal\/wp-json\/wp\/v2\/posts\/15414","targetHints":{"allow":["GET"]}}],"collection":[{"href":"https:\/\/laultimapalabra.com.mx\/portal\/wp-json\/wp\/v2\/posts"}],"about":[{"href":"https:\/\/laultimapalabra.com.mx\/portal\/wp-json\/wp\/v2\/types\/post"}],"author":[{"embeddable":true,"href":"https:\/\/laultimapalabra.com.mx\/portal\/wp-json\/wp\/v2\/users\/9"}],"replies":[{"embeddable":true,"href":"https:\/\/laultimapalabra.com.mx\/portal\/wp-json\/wp\/v2\/comments?post=15414"}],"version-history":[{"count":1,"href":"https:\/\/laultimapalabra.com.mx\/portal\/wp-json\/wp\/v2\/posts\/15414\/revisions"}],"predecessor-version":[{"id":70983,"href":"https:\/\/laultimapalabra.com.mx\/portal\/wp-json\/wp\/v2\/posts\/15414\/revisions\/70983"}],"wp:featuredmedia":[{"embeddable":true,"href":"https:\/\/laultimapalabra.com.mx\/portal\/wp-json\/wp\/v2\/media\/15416"}],"wp:attachment":[{"href":"https:\/\/laultimapalabra.com.mx\/portal\/wp-json\/wp\/v2\/media?parent=15414"}],"wp:term":[{"taxonomy":"category","embeddable":true,"href":"https:\/\/laultimapalabra.com.mx\/portal\/wp-json\/wp\/v2\/categories?post=15414"},{"taxonomy":"post_tag","embeddable":true,"href":"https:\/\/laultimapalabra.com.mx\/portal\/wp-json\/wp\/v2\/tags?post=15414"}],"curies":[{"name":"wp","href":"https:\/\/api.w.org\/{rel}","templated":true}]}}