                       {"id":15474,"date":"2020-06-25T13:26:09","date_gmt":"2020-06-25T18:26:09","guid":{"rendered":"http:\/\/laultimapalabra.info\/?p=15474"},"modified":"2024-12-11T10:01:16","modified_gmt":"2024-12-11T16:01:16","slug":"tiene-ejido-santa-isabel-y-dolores-solo-seis-horas-diarias-de-agua","status":"publish","type":"post","link":"https:\/\/laultimapalabra.com.mx\/portal\/tiene-ejido-santa-isabel-y-dolores-solo-seis-horas-diarias-de-agua\/","title":{"rendered":"Tiene Ejido Santa Isabel y Dolores s\u00f3lo seis horas diarias de agua"},"content":{"rendered":"<p><img loading=\"lazy\" decoding=\"async\" class=\"size-medium wp-image-15475 alignleft\" src=\"https:\/\/laultimapalabra.com.mx\/portal\/wp-content\/uploads\/2020\/06\/IMG-20200625-WA0005-169x300.jpg\" alt=\"\" width=\"169\" height=\"300\" srcset=\"https:\/\/laultimapalabra.com.mx\/portal\/wp-content\/uploads\/2020\/06\/IMG-20200625-WA0005-169x300.jpg 169w, https:\/\/laultimapalabra.com.mx\/portal\/wp-content\/uploads\/2020\/06\/IMG-20200625-WA0005.jpg 540w\" sizes=\"auto, (max-width: 169px) 100vw, 169px\" \/>Cadereyta Jim\u00e9nez, N.L.- Tras la tromba que azot\u00f3 al Ejido Santa Isabel y Dolores la noche del pasado jueves, est\u00e1 comunidad padece la carencia de agua, ya que el vital l\u00edquido s\u00f3lo lo tienen disponible seis horas diarias.<br \/>\nTras la ca\u00edda de \u00e1rboles y cableado y haberse quedado sin luz aquel d\u00eda; un \u00e1rbol enorme fue el causante de est\u00e1 crisis para la comunidad ya que cay\u00f3 sobre el transformador de la bomba de agua, lo cual no ha sido remediado desde la semana pasada.<br \/>\nLos pobladores de est\u00e1 comunidad esperan que alguna autoridad apoye para que la situaci\u00f3n sea resulta de una vez, ya que es un verdadero viacrucis padecer est\u00e1 situaci\u00f3n con los calores que se est\u00e1n presentando en la Entidad.<\/p>\n","protected":false},"excerpt":{"rendered":"<p>Cadereyta Jim\u00e9nez, N.L.- Tras la tromba que azot\u00f3 al Ejido Santa Isabel y Dolores la noche del pasado jueves, est\u00e1 comunidad padece la carencia de agua, ya que el vital l\u00edquido s\u00f3lo lo tienen disponible seis horas diarias. Tras la ca\u00edda de \u00e1rboles y cableado y haberse quedado sin luz aquel d\u00eda; un \u00e1rbol enorme [&hellip;]<\/p>\n","protected":false},"author":9,"featured_media":15475,"comment_status":"open","ping_status":"closed","sticky":false,"template":"","format":"standard","meta":{"footnotes":""},"categories":[17],"tags":[559,2620],"class_list":["post-15474","post","type-post","status-publish","format-standard","has-post-thumbnail","hentry","category-locales-cadereyta","tag-ciclismo-cadereyta","tag-ejido-santa-isabel-y-dolores"],"_links":{"self":[{"href":"https:\/\/laultimapalabra.com.mx\/portal\/wp-json\/wp\/v2\/posts\/15474","targetHints":{"allow":["GET"]}}],"collection":[{"href":"https:\/\/laultimapalabra.com.mx\/portal\/wp-json\/wp\/v2\/posts"}],"about":[{"href":"https:\/\/laultimapalabra.com.mx\/portal\/wp-json\/wp\/v2\/types\/post"}],"author":[{"embeddable":true,"href":"https:\/\/laultimapalabra.com.mx\/portal\/wp-json\/wp\/v2\/users\/9"}],"replies":[{"embeddable":true,"href":"https:\/\/laultimapalabra.com.mx\/portal\/wp-json\/wp\/v2\/comments?post=15474"}],"version-history":[{"count":1,"href":"https:\/\/laultimapalabra.com.mx\/portal\/wp-json\/wp\/v2\/posts\/15474\/revisions"}],"predecessor-version":[{"id":71017,"href":"https:\/\/laultimapalabra.com.mx\/portal\/wp-json\/wp\/v2\/posts\/15474\/revisions\/71017"}],"wp:featuredmedia":[{"embeddable":true,"href":"https:\/\/laultimapalabra.com.mx\/portal\/wp-json\/wp\/v2\/media\/15475"}],"wp:attachment":[{"href":"https:\/\/laultimapalabra.com.mx\/portal\/wp-json\/wp\/v2\/media?parent=15474"}],"wp:term":[{"taxonomy":"category","embeddable":true,"href":"https:\/\/laultimapalabra.com.mx\/portal\/wp-json\/wp\/v2\/categories?post=15474"},{"taxonomy":"post_tag","embeddable":true,"href":"https:\/\/laultimapalabra.com.mx\/portal\/wp-json\/wp\/v2\/tags?post=15474"}],"curies":[{"name":"wp","href":"https:\/\/api.w.org\/{rel}","templated":true}]}}