                       {"id":15514,"date":"2020-06-27T11:00:06","date_gmt":"2020-06-27T16:00:06","guid":{"rendered":"http:\/\/laultimapalabra.info\/?p=15514"},"modified":"2024-12-11T10:01:17","modified_gmt":"2024-12-11T16:01:17","slug":"quedan-lesionados-tras-choque-en-cadereyta","status":"publish","type":"post","link":"https:\/\/laultimapalabra.com.mx\/portal\/quedan-lesionados-tras-choque-en-cadereyta\/","title":{"rendered":"Quedan lesionados tras choque en Cadereyta"},"content":{"rendered":"<p><span style=\"font-size: 1rem;\"><img loading=\"lazy\" decoding=\"async\" class=\"size-medium wp-image-15515 alignright\" src=\"https:\/\/laultimapalabra.com.mx\/portal\/wp-content\/uploads\/2020\/06\/4815040-300x200.jpg\" alt=\"\" width=\"300\" height=\"200\" srcset=\"https:\/\/laultimapalabra.com.mx\/portal\/wp-content\/uploads\/2020\/06\/4815040-300x200.jpg 300w, https:\/\/laultimapalabra.com.mx\/portal\/wp-content\/uploads\/2020\/06\/4815040-768x512.jpg 768w, https:\/\/laultimapalabra.com.mx\/portal\/wp-content\/uploads\/2020\/06\/4815040.jpg 960w\" sizes=\"auto, (max-width: 300px) 100vw, 300px\" \/>Monterrey, M\u00e9xico (26 junio 2020).- Un conductor y su acompa\u00f1ante resultaron lesionados tras ser impactados en su veh\u00edculo por una camioneta, en Cadereyta.<\/span><\/p>\n<p>Los lesionados fueron identificados como Candelario Rodr\u00edguez Rodr\u00edguez, de 30 a\u00f1os, quien conduc\u00eda un auto Jetta Cl\u00e1sico, y su acompa\u00f1ante Miriam Nava Jim\u00e9nez, de 27.<\/p>\n<p>Como presunto responsables, agentes viales se\u00f1alaron a Mar\u00eda Guadalupe Alba Galv\u00e1n, de 65, quien se desplazaba en una camioneta Honda CRV.<\/p>\n<p>Tras el choque frontal, los veh\u00edculos salieron proyectados y alcanzaron a golpear a una camioneta Nissan, cuyo conductor result\u00f3 ileso.<\/p>\n<p>El accidente fue reportado esta tarde a la altura del lugar conocido como Puente La Mosca, en los l\u00edmites de Cadereyta con Ju\u00e1rez, a donde llegaron param\u00e9dicos y elementos de Protecci\u00f3n Civil municipal.<\/p>\n<p>De acuerdo con los primeros informes, la mujer perdi\u00f3 el control de su camioneta y se proyect\u00f3 de frente contra el Jetta, que circulaba en la direcci\u00f3n contraria. Los socorristas auxiliaron a los involucrados y solo trasladaron al conductor del Jetta al Hospital Virginia y a su acompa\u00f1ante al Hospital de Pemex.<\/p>\n<p>Fuente: El Norte<\/p>\n","protected":false},"excerpt":{"rendered":"<p>Monterrey, M\u00e9xico (26 junio 2020).- Un conductor y su acompa\u00f1ante resultaron lesionados tras ser impactados en su veh\u00edculo por una camioneta, en Cadereyta. Los lesionados fueron identificados como Candelario Rodr\u00edguez Rodr\u00edguez, de 30 a\u00f1os, quien conduc\u00eda un auto Jetta Cl\u00e1sico, y su acompa\u00f1ante Miriam Nava Jim\u00e9nez, de 27. Como presunto responsables, agentes viales se\u00f1alaron a [&hellip;]<\/p>\n","protected":false},"author":9,"featured_media":15515,"comment_status":"open","ping_status":"closed","sticky":false,"template":"","format":"standard","meta":{"footnotes":""},"categories":[17],"tags":[551],"class_list":["post-15514","post","type-post","status-publish","format-standard","has-post-thumbnail","hentry","category-locales-cadereyta","tag-choques-cadereyta"],"_links":{"self":[{"href":"https:\/\/laultimapalabra.com.mx\/portal\/wp-json\/wp\/v2\/posts\/15514","targetHints":{"allow":["GET"]}}],"collection":[{"href":"https:\/\/laultimapalabra.com.mx\/portal\/wp-json\/wp\/v2\/posts"}],"about":[{"href":"https:\/\/laultimapalabra.com.mx\/portal\/wp-json\/wp\/v2\/types\/post"}],"author":[{"embeddable":true,"href":"https:\/\/laultimapalabra.com.mx\/portal\/wp-json\/wp\/v2\/users\/9"}],"replies":[{"embeddable":true,"href":"https:\/\/laultimapalabra.com.mx\/portal\/wp-json\/wp\/v2\/comments?post=15514"}],"version-history":[{"count":1,"href":"https:\/\/laultimapalabra.com.mx\/portal\/wp-json\/wp\/v2\/posts\/15514\/revisions"}],"predecessor-version":[{"id":71039,"href":"https:\/\/laultimapalabra.com.mx\/portal\/wp-json\/wp\/v2\/posts\/15514\/revisions\/71039"}],"wp:featuredmedia":[{"embeddable":true,"href":"https:\/\/laultimapalabra.com.mx\/portal\/wp-json\/wp\/v2\/media\/15515"}],"wp:attachment":[{"href":"https:\/\/laultimapalabra.com.mx\/portal\/wp-json\/wp\/v2\/media?parent=15514"}],"wp:term":[{"taxonomy":"category","embeddable":true,"href":"https:\/\/laultimapalabra.com.mx\/portal\/wp-json\/wp\/v2\/categories?post=15514"},{"taxonomy":"post_tag","embeddable":true,"href":"https:\/\/laultimapalabra.com.mx\/portal\/wp-json\/wp\/v2\/tags?post=15514"}],"curies":[{"name":"wp","href":"https:\/\/api.w.org\/{rel}","templated":true}]}}