                       {"id":15551,"date":"2020-07-03T14:06:02","date_gmt":"2020-07-03T19:06:02","guid":{"rendered":"http:\/\/laultimapalabra.info\/?p=15551"},"modified":"2024-12-11T10:01:17","modified_gmt":"2024-12-11T16:01:17","slug":"preparan-paro-en-clinica-20-de-juarez","status":"publish","type":"post","link":"https:\/\/laultimapalabra.com.mx\/portal\/preparan-paro-en-clinica-20-de-juarez\/","title":{"rendered":"Preparan paro en Cl\u00ednica 20 de Ju\u00e1rez"},"content":{"rendered":"<p><img loading=\"lazy\" decoding=\"async\" class=\"size-medium wp-image-15552 aligncenter\" src=\"https:\/\/laultimapalabra.com.mx\/portal\/wp-content\/uploads\/2020\/07\/IMG-20200703-WA0015-300x225.jpg\" alt=\"\" width=\"300\" height=\"225\" srcset=\"https:\/\/laultimapalabra.com.mx\/portal\/wp-content\/uploads\/2020\/07\/IMG-20200703-WA0015-300x225.jpg 300w, https:\/\/laultimapalabra.com.mx\/portal\/wp-content\/uploads\/2020\/07\/IMG-20200703-WA0015-1024x768.jpg 1024w, https:\/\/laultimapalabra.com.mx\/portal\/wp-content\/uploads\/2020\/07\/IMG-20200703-WA0015-768x576.jpg 768w, https:\/\/laultimapalabra.com.mx\/portal\/wp-content\/uploads\/2020\/07\/IMG-20200703-WA0015.jpg 1040w\" sizes=\"auto, (max-width: 300px) 100vw, 300px\" \/>Ju\u00e1rez, N.L.- Tras no contar con la planilla completa de m\u00e9dicos al frente de la Cl\u00ednica 20 del IMSS en el municipio de Ju\u00e1rez, se prepara un paro<span style=\"font-size: 1rem;\">e de labores\u00a0<\/span><span style=\"font-size: 1rem;\">en la cl\u00ednica 20 del IMSS del municipio de Ju\u00e1rez\u00a0<\/span><\/p>\n<p><span style=\"font-weight: 400;\">El sindicato perteneciente a est\u00e1 instituci\u00f3n est\u00e1 inconforme debido a que ha trascendido que hay mucho personal infectado con covid 19, y que aunque han sido enviados a cuarentena estricta, dicho personal lo ha sido reemplazado\u00a0\u00a0<\/span><\/p>\n<p><span style=\"font-weight: 400;\">Con ello han dejado a los trabajadores sanos con toda la carga operativa y administrativa de est\u00e1 dependencia.\u00a0<\/span><\/p>\n<p><span style=\"font-weight: 400;\">Trascendiendo que de hecho hay personal de puestos claves dentro de la clinica que actualmente est\u00e1n incapacitados, haciendo con esto que no haya\u00a0 practicamente un gobierno dentro de la misma, la cu\u00e1l cuenta con medio siglo de operaciones<\/span><\/p>\n<p>&nbsp;<\/p>\n","protected":false},"excerpt":{"rendered":"<p>Ju\u00e1rez, N.L.- Tras no contar con la planilla completa de m\u00e9dicos al frente de la Cl\u00ednica 20 del IMSS en el municipio de Ju\u00e1rez, se prepara un paroe de labores\u00a0en la cl\u00ednica 20 del IMSS del municipio de Ju\u00e1rez\u00a0 El sindicato perteneciente a est\u00e1 instituci\u00f3n est\u00e1 inconforme debido a que ha trascendido que hay mucho [&hellip;]<\/p>\n","protected":false},"author":9,"featured_media":15552,"comment_status":"open","ping_status":"closed","sticky":false,"template":"","format":"standard","meta":{"footnotes":""},"categories":[18],"tags":[2770,2433],"class_list":["post-15551","post","type-post","status-publish","format-standard","has-post-thumbnail","hentry","category-locales-juarez","tag-clinica-20","tag-covid-19-juarez"],"_links":{"self":[{"href":"https:\/\/laultimapalabra.com.mx\/portal\/wp-json\/wp\/v2\/posts\/15551","targetHints":{"allow":["GET"]}}],"collection":[{"href":"https:\/\/laultimapalabra.com.mx\/portal\/wp-json\/wp\/v2\/posts"}],"about":[{"href":"https:\/\/laultimapalabra.com.mx\/portal\/wp-json\/wp\/v2\/types\/post"}],"author":[{"embeddable":true,"href":"https:\/\/laultimapalabra.com.mx\/portal\/wp-json\/wp\/v2\/users\/9"}],"replies":[{"embeddable":true,"href":"https:\/\/laultimapalabra.com.mx\/portal\/wp-json\/wp\/v2\/comments?post=15551"}],"version-history":[{"count":1,"href":"https:\/\/laultimapalabra.com.mx\/portal\/wp-json\/wp\/v2\/posts\/15551\/revisions"}],"predecessor-version":[{"id":71057,"href":"https:\/\/laultimapalabra.com.mx\/portal\/wp-json\/wp\/v2\/posts\/15551\/revisions\/71057"}],"wp:featuredmedia":[{"embeddable":true,"href":"https:\/\/laultimapalabra.com.mx\/portal\/wp-json\/wp\/v2\/media\/15552"}],"wp:attachment":[{"href":"https:\/\/laultimapalabra.com.mx\/portal\/wp-json\/wp\/v2\/media?parent=15551"}],"wp:term":[{"taxonomy":"category","embeddable":true,"href":"https:\/\/laultimapalabra.com.mx\/portal\/wp-json\/wp\/v2\/categories?post=15551"},{"taxonomy":"post_tag","embeddable":true,"href":"https:\/\/laultimapalabra.com.mx\/portal\/wp-json\/wp\/v2\/tags?post=15551"}],"curies":[{"name":"wp","href":"https:\/\/api.w.org\/{rel}","templated":true}]}}