                       {"id":1561,"date":"2018-05-11T00:29:11","date_gmt":"2018-05-11T00:29:11","guid":{"rendered":"http:\/\/laultimapalabra.info\/?p=1561"},"modified":"2024-12-11T08:37:11","modified_gmt":"2024-12-11T14:37:11","slug":"tenchis-garcia-en-contacto-con-la-gente","status":"publish","type":"post","link":"https:\/\/laultimapalabra.com.mx\/portal\/tenchis-garcia-en-contacto-con-la-gente\/","title":{"rendered":"Tenchis Garc\u00eda, en contacto con la gente"},"content":{"rendered":"<p style=\"text-align: justify;\"><img loading=\"lazy\" decoding=\"async\" class=\"size-medium wp-image-1563 alignleft\" src=\"https:\/\/laultimapalabra.com.mx\/portal\/wp-content\/uploads\/2018\/05\/thumbnail_570-300x199.jpg\" alt=\"\" width=\"300\" height=\"199\" \/>Cadereyta Jim\u00e9nez, N. L.-<br \/>\nTras haber transcurrido casi dos semanas de campa\u00f1a en el municipio de Cadereyta, la candidata ciudadana del PAN, Tenchis Garc\u00eda, sigue sosteniendo muy buena aceptaci\u00f3n y dando la cara por todas aquellas quejas y denuncias realizadas por la ciudadan\u00eda respecto al desempe\u00f1o de la actual administraci\u00f3n municipal.<br \/>\nSegura de s\u00ed misma y dejando en claro que no hay relaci\u00f3n con el Gobierno Municipal, Tenchis Garc\u00eda estuvo recorriendo colonias como la Alfredo V. Bonfil, Salinas, San Genaro, Bellavista, Real de Cadereyta y Fracc. Fidel Vel\u00e1zquez; as\u00ed como algunas empresas importantes en esta ciudad donde se reuni\u00f3 con m\u00e1s de 500 empleados de las mismas.<br \/>\nAlumbrado, bacheo, seguridad y la recolecci\u00f3n de basura son las demandas fijas en las colonias donde la candidata ha estado presente dando a conocer su plan de mejorar todas estas anomal\u00edas en los servicios p\u00fablicos del municipio, para que la ciudadan\u00eda vuelva a confiar en sus autoridades y gocen de una mejor calidad de vida.<br \/>\nCon la frase: \u201cA m\u00ed no se me ahogan las gallinas\u201d, la rubia deja en claro ser una mujer que no le teme a nada y que est\u00e1 dispuesta a enfrenta el machismo y ser la primer alcaldesa de esta ciudad, teniendo que corregir los errores de integrantes del mismo partido al que est\u00e1 representando<\/p>\n","protected":false},"excerpt":{"rendered":"<p>Cadereyta Jim\u00e9nez, N. L.- Tras haber transcurrido casi dos semanas de campa\u00f1a en el municipio de Cadereyta, la candidata ciudadana del PAN, Tenchis Garc\u00eda, sigue sosteniendo muy buena aceptaci\u00f3n y dando la cara por todas aquellas quejas y denuncias realizadas por la ciudadan\u00eda respecto al desempe\u00f1o de la actual administraci\u00f3n municipal. Segura de s\u00ed misma [&hellip;]<\/p>\n","protected":false},"author":9,"featured_media":1562,"comment_status":"open","ping_status":"closed","sticky":false,"template":"","format":"standard","meta":{"footnotes":""},"categories":[17],"tags":[1692,2195],"class_list":["post-1561","post","type-post","status-publish","format-standard","has-post-thumbnail","hentry","category-locales-cadereyta","tag-pan-cadereyta","tag-tenchis-garcia"],"_links":{"self":[{"href":"https:\/\/laultimapalabra.com.mx\/portal\/wp-json\/wp\/v2\/posts\/1561","targetHints":{"allow":["GET"]}}],"collection":[{"href":"https:\/\/laultimapalabra.com.mx\/portal\/wp-json\/wp\/v2\/posts"}],"about":[{"href":"https:\/\/laultimapalabra.com.mx\/portal\/wp-json\/wp\/v2\/types\/post"}],"author":[{"embeddable":true,"href":"https:\/\/laultimapalabra.com.mx\/portal\/wp-json\/wp\/v2\/users\/9"}],"replies":[{"embeddable":true,"href":"https:\/\/laultimapalabra.com.mx\/portal\/wp-json\/wp\/v2\/comments?post=1561"}],"version-history":[{"count":1,"href":"https:\/\/laultimapalabra.com.mx\/portal\/wp-json\/wp\/v2\/posts\/1561\/revisions"}],"predecessor-version":[{"id":63845,"href":"https:\/\/laultimapalabra.com.mx\/portal\/wp-json\/wp\/v2\/posts\/1561\/revisions\/63845"}],"wp:featuredmedia":[{"embeddable":true,"href":"https:\/\/laultimapalabra.com.mx\/portal\/wp-json\/"}],"wp:attachment":[{"href":"https:\/\/laultimapalabra.com.mx\/portal\/wp-json\/wp\/v2\/media?parent=1561"}],"wp:term":[{"taxonomy":"category","embeddable":true,"href":"https:\/\/laultimapalabra.com.mx\/portal\/wp-json\/wp\/v2\/categories?post=1561"},{"taxonomy":"post_tag","embeddable":true,"href":"https:\/\/laultimapalabra.com.mx\/portal\/wp-json\/wp\/v2\/tags?post=1561"}],"curies":[{"name":"wp","href":"https:\/\/api.w.org\/{rel}","templated":true}]}}