                       {"id":15682,"date":"2020-07-12T23:54:15","date_gmt":"2020-07-13T04:54:15","guid":{"rendered":"http:\/\/laultimapalabra.info\/?p=15682"},"modified":"2024-12-11T10:01:18","modified_gmt":"2024-12-11T16:01:18","slug":"abandonan-a-bebe-en-baldio-de-cadereyta","status":"publish","type":"post","link":"https:\/\/laultimapalabra.com.mx\/portal\/abandonan-a-bebe-en-baldio-de-cadereyta\/","title":{"rendered":"Abandonan a beb\u00e9 en bald\u00edo de Cadereyta"},"content":{"rendered":"<p><span style=\"font-size: 1rem;\">El hallazgo se realiz\u00f3 en la calle Camino Ejidal, en la colonia Jardines de Cadereyta.<\/span><\/p>\n<p><span style=\"font-weight: 400;\">\u00a0<img loading=\"lazy\" decoding=\"async\" class=\"size-medium wp-image-15685 alignright\" src=\"https:\/\/laultimapalabra.com.mx\/portal\/wp-content\/uploads\/2020\/07\/FB_IMG_1594607604327-300x146.jpg\" alt=\"\" width=\"300\" height=\"146\" srcset=\"https:\/\/laultimapalabra.com.mx\/portal\/wp-content\/uploads\/2020\/07\/FB_IMG_1594607604327-300x146.jpg 300w, https:\/\/laultimapalabra.com.mx\/portal\/wp-content\/uploads\/2020\/07\/FB_IMG_1594607604327-1024x498.jpg 1024w, https:\/\/laultimapalabra.com.mx\/portal\/wp-content\/uploads\/2020\/07\/FB_IMG_1594607604327-768x373.jpg 768w, https:\/\/laultimapalabra.com.mx\/portal\/wp-content\/uploads\/2020\/07\/FB_IMG_1594607604327.jpg 1080w\" sizes=\"auto, (max-width: 300px) 100vw, 300px\" \/>Cadereyta Jim\u00e9nez,N.L.-\u00a0<\/span><span style=\"font-size: 1rem;\">Un beb\u00e9 reci\u00e9n nacido fue abandonado en un lote bald\u00edo en el municipio de Cadereyta.<\/span><\/p>\n<p><span style=\"font-weight: 400;\">Fue alrededor de las ocho de la noche del domingo cuando Servicios de Emergencia notific\u00f3 a la Secretar\u00eda de Seguridad P\u00fablica municipal sobre un beb\u00e9 en la calle Camino Ejidal, en la colonia Jardines de Cadereyta.<\/span><\/p>\n<p><span style=\"font-weight: 400;\">Al arribar al sitio se confirm\u00f3 el reporte y trasladaron al menor a la Cl\u00ednica Municipal para una revisi\u00f3n general e iniciar las averiguaciones correspondientes.<\/span><\/p>\n<p><span style=\"font-weight: 400;\">Fuente: Milenio\u00a0<\/span><\/p>\n","protected":false},"excerpt":{"rendered":"<p>El hallazgo se realiz\u00f3 en la calle Camino Ejidal, en la colonia Jardines de Cadereyta. \u00a0Cadereyta Jim\u00e9nez,N.L.-\u00a0Un beb\u00e9 reci\u00e9n nacido fue abandonado en un lote bald\u00edo en el municipio de Cadereyta. Fue alrededor de las ocho de la noche del domingo cuando Servicios de Emergencia notific\u00f3 a la Secretar\u00eda de Seguridad P\u00fablica municipal sobre un [&hellip;]<\/p>\n","protected":false},"author":9,"featured_media":15684,"comment_status":"open","ping_status":"closed","sticky":false,"template":"","format":"standard","meta":{"footnotes":""},"categories":[17],"tags":[2781,1172,2136],"class_list":["post-15682","post","type-post","status-publish","format-standard","has-post-thumbnail","hentry","category-locales-cadereyta","tag-bebes-abandonados-cadereyta","tag-guillermo-de-leon-delgado","tag-servicios-de-emergencias-cadereyta"],"_links":{"self":[{"href":"https:\/\/laultimapalabra.com.mx\/portal\/wp-json\/wp\/v2\/posts\/15682","targetHints":{"allow":["GET"]}}],"collection":[{"href":"https:\/\/laultimapalabra.com.mx\/portal\/wp-json\/wp\/v2\/posts"}],"about":[{"href":"https:\/\/laultimapalabra.com.mx\/portal\/wp-json\/wp\/v2\/types\/post"}],"author":[{"embeddable":true,"href":"https:\/\/laultimapalabra.com.mx\/portal\/wp-json\/wp\/v2\/users\/9"}],"replies":[{"embeddable":true,"href":"https:\/\/laultimapalabra.com.mx\/portal\/wp-json\/wp\/v2\/comments?post=15682"}],"version-history":[{"count":1,"href":"https:\/\/laultimapalabra.com.mx\/portal\/wp-json\/wp\/v2\/posts\/15682\/revisions"}],"predecessor-version":[{"id":71123,"href":"https:\/\/laultimapalabra.com.mx\/portal\/wp-json\/wp\/v2\/posts\/15682\/revisions\/71123"}],"wp:featuredmedia":[{"embeddable":true,"href":"https:\/\/laultimapalabra.com.mx\/portal\/wp-json\/wp\/v2\/media\/15684"}],"wp:attachment":[{"href":"https:\/\/laultimapalabra.com.mx\/portal\/wp-json\/wp\/v2\/media?parent=15682"}],"wp:term":[{"taxonomy":"category","embeddable":true,"href":"https:\/\/laultimapalabra.com.mx\/portal\/wp-json\/wp\/v2\/categories?post=15682"},{"taxonomy":"post_tag","embeddable":true,"href":"https:\/\/laultimapalabra.com.mx\/portal\/wp-json\/wp\/v2\/tags?post=15682"}],"curies":[{"name":"wp","href":"https:\/\/api.w.org\/{rel}","templated":true}]}}