                       {"id":15693,"date":"2020-07-17T12:11:23","date_gmt":"2020-07-17T17:11:23","guid":{"rendered":"http:\/\/laultimapalabra.info\/?p=15693"},"modified":"2024-12-11T10:01:18","modified_gmt":"2024-12-11T16:01:18","slug":"si-indagatoria-llega-a-epn-amlo-no-la-frenara","status":"publish","type":"post","link":"https:\/\/laultimapalabra.com.mx\/portal\/si-indagatoria-llega-a-epn-amlo-no-la-frenara\/","title":{"rendered":"Si indagatoria llega a EPN, AMLO no la frenar\u00e1"},"content":{"rendered":"<p><span style=\"font-weight: 400;\"><img loading=\"lazy\" decoding=\"async\" class=\"size-medium wp-image-15694 alignleft\" src=\"https:\/\/laultimapalabra.com.mx\/portal\/wp-content\/uploads\/2020\/07\/4114154-300x200.jpg\" alt=\"\" width=\"300\" height=\"200\" srcset=\"https:\/\/laultimapalabra.com.mx\/portal\/wp-content\/uploads\/2020\/07\/4114154-300x200.jpg 300w, https:\/\/laultimapalabra.com.mx\/portal\/wp-content\/uploads\/2020\/07\/4114154-768x512.jpg 768w, https:\/\/laultimapalabra.com.mx\/portal\/wp-content\/uploads\/2020\/07\/4114154.jpg 960w\" sizes=\"auto, (max-width: 300px) 100vw, 300px\" \/>Cd. de M\u00e9xico (17 julio 2020).- El P<\/span><span style=\"font-size: 1rem;\">residente Andr\u00e9s Manuel L\u00f3pez Obrador dijo que si la indagatoria a Emilio Lozoya llega hasta el ex Presidente Enrique Pe\u00f1a Nieto no la va a frenar.<\/span><\/p>\n<p><span style=\"font-weight: 400;\">Cuestionado sobre su postura de que no se indague a ex Presidentes, solo si el pueblo lo decide, el Mandatario L\u00f3pez Obrador afirm\u00f3 que act\u00faa como piensa, pero no ser\u00e1 tapadera de nadie.<\/span><\/p>\n<p><span style=\"font-weight: 400;\">-\u00bfUsted qu\u00e9 har\u00eda, qu\u00e9 va a pasar si las investigaciones llegan a Pe\u00f1a Nieto, va a frenar esas investigaciones?, se le pregunt\u00f3.<\/span><\/p>\n<p><span style=\"font-weight: 400;\">&#8220;No lo puedo hacer, no lo puedo hacer. Pol\u00edticamente me expreso y siempre he sido consecuente, siempre act\u00fao como pienso, desde que tom\u00e9 posesi\u00f3n en el discurso inicial del Gobierno trate el tema. Para que no se olvide, la pr\u00f3xima semana lo vamos a poner aqu\u00ed lo que dije sobre este asunto&#8221;, indic\u00f3.<\/span><\/p>\n<p><span style=\"font-weight: 400;\">&#8220;Sin embargo, no soy tapadera de nadie. Yo llegu\u00e9 a la Presidencia con el apoyo del pueblo de M\u00e9xico, mi \u00fanico amor es el pueblo de M\u00e9xico, no tengo compromisos con grupos de intereses creados. De modo que, lo que diga el pueblo y en este caso lo que diga la autoridad competente, la Fiscal\u00eda General de la Rep\u00fablica&#8221;. Emilio Lozoya lleg\u00f3 esta madrugada a la Ciudad de M\u00e9xico y deber\u00e1 comparecer ante autoridades judiciales en las pr\u00f3ximas horas.<\/span><\/p>\n<p>Fuente: El Norte<\/p>\n","protected":false},"excerpt":{"rendered":"<p>Cd. de M\u00e9xico (17 julio 2020).- El Presidente Andr\u00e9s Manuel L\u00f3pez Obrador dijo que si la indagatoria a Emilio Lozoya llega hasta el ex Presidente Enrique Pe\u00f1a Nieto no la va a frenar. Cuestionado sobre su postura de que no se indague a ex Presidentes, solo si el pueblo lo decide, el Mandatario L\u00f3pez Obrador [&hellip;]<\/p>\n","protected":false},"author":9,"featured_media":15694,"comment_status":"open","ping_status":"closed","sticky":false,"template":"","format":"standard","meta":{"footnotes":""},"categories":[19],"tags":[124,974,2784],"class_list":["post-15693","post","type-post","status-publish","format-standard","has-post-thumbnail","hentry","category-nacional","tag-amlo","tag-enrique-pena-nieto","tag-indagatoria-pena-nieto"],"_links":{"self":[{"href":"https:\/\/laultimapalabra.com.mx\/portal\/wp-json\/wp\/v2\/posts\/15693","targetHints":{"allow":["GET"]}}],"collection":[{"href":"https:\/\/laultimapalabra.com.mx\/portal\/wp-json\/wp\/v2\/posts"}],"about":[{"href":"https:\/\/laultimapalabra.com.mx\/portal\/wp-json\/wp\/v2\/types\/post"}],"author":[{"embeddable":true,"href":"https:\/\/laultimapalabra.com.mx\/portal\/wp-json\/wp\/v2\/users\/9"}],"replies":[{"embeddable":true,"href":"https:\/\/laultimapalabra.com.mx\/portal\/wp-json\/wp\/v2\/comments?post=15693"}],"version-history":[{"count":1,"href":"https:\/\/laultimapalabra.com.mx\/portal\/wp-json\/wp\/v2\/posts\/15693\/revisions"}],"predecessor-version":[{"id":71129,"href":"https:\/\/laultimapalabra.com.mx\/portal\/wp-json\/wp\/v2\/posts\/15693\/revisions\/71129"}],"wp:featuredmedia":[{"embeddable":true,"href":"https:\/\/laultimapalabra.com.mx\/portal\/wp-json\/wp\/v2\/media\/15694"}],"wp:attachment":[{"href":"https:\/\/laultimapalabra.com.mx\/portal\/wp-json\/wp\/v2\/media?parent=15693"}],"wp:term":[{"taxonomy":"category","embeddable":true,"href":"https:\/\/laultimapalabra.com.mx\/portal\/wp-json\/wp\/v2\/categories?post=15693"},{"taxonomy":"post_tag","embeddable":true,"href":"https:\/\/laultimapalabra.com.mx\/portal\/wp-json\/wp\/v2\/tags?post=15693"}],"curies":[{"name":"wp","href":"https:\/\/api.w.org\/{rel}","templated":true}]}}