                       {"id":1572,"date":"2018-05-11T00:45:31","date_gmt":"2018-05-11T00:45:31","guid":{"rendered":"http:\/\/laultimapalabra.info\/?p=1572"},"modified":"2024-12-11T08:37:12","modified_gmt":"2024-12-11T14:37:12","slug":"la-guarida-del-mapache-14","status":"publish","type":"post","link":"https:\/\/laultimapalabra.com.mx\/portal\/la-guarida-del-mapache-14\/","title":{"rendered":"La Guarida del Mapache"},"content":{"rendered":"<p style=\"text-align: justify;\"><img loading=\"lazy\" decoding=\"async\" class=\"size-medium wp-image-155 alignleft\" src=\"https:\/\/laultimapalabra.com.mx\/portal\/wp-content\/uploads\/2018\/02\/mapache-300x282.jpeg\" alt=\"\" width=\"300\" height=\"282\" \/>Por: El Mapache<\/p>\n<p style=\"text-align: justify;\">MAPACHA<br \/>\nAndo rete enmuinado porque entr\u00e9 a un lugar de cinco letras cuatro y la primera es muda con mi comadre y a la salida que me topo con mi compadre y mi Mapachita Sexy que ya iban de salida.<br \/>\nLO CORRECTO<br \/>\nMi compadre me dijo que la situaci\u00f3n era bochornosa y que lo correcto era que nos jueramos de all\u00ed cada quien con su mujer y nos olvid\u00e1ramos del asunto.<br \/>\nLO JUSTO<br \/>\nLe dije; si compadre eso es lo correcto, pero no lo Justo, porque usted ya va de salida. Deje me emparejo!!!!<br \/>\nHOSPITAL<br \/>\nEl que estuvo internado fue el Doc Pre$iado, se desmay\u00f3 despu\u00e9s de ver que Tenchis Garc\u00eda declar\u00f3 a este newspaper que ella s\u00ed va contra Pre$iado y su pandilla. Moles!<br \/>\nPRE$IADO<br \/>\n\u00c9l estaba muy tranquilo, habiendo pactado con los dem\u00e1s adversarios de Tenchis para que no lo tocaran ni con el p\u00e9talo de una frase (como hemos visto).<br \/>\nSANITO<br \/>\nPre$iado pens\u00f3 que saldr\u00eda sanito de sus tres a\u00f1os como primer Hamp\u00f3n Municipal, pactadito con el Green y con la Prieta \u00bfQu\u00e9 le pod\u00eda pasar?<br \/>\nBURLA<br \/>\nSe consumar\u00eda as\u00ed otra gran burla para el pueblo de Cadiz con la complicidad del Green y de la Prieta, quienes de entrada no Tocan a Pre$iado y su pandilla.<br \/>\nENANOS<br \/>\nPero que le crecen los enanos y que la campa\u00f1a de Tenchis empieza a despuntar y va junto con el Chemical Boy a gritar \u00a1foul! A Monterrey.<br \/>\nNONES<br \/>\n\u201cNo se vale, somos de los mismos\u201d dijeron Pre$iado y el Chemical Boy al Number guan estatal de los panaderos, pero Maur\u00edn le dijo: \u201cNo somos de los mismos, por eso no te dejamos ir por la reelecci\u00f3n\u201d \u00a1sopas today!<br \/>\nFILDERS<br \/>\nY pa\u2019tr\u00e1s los fielders, salieron rebotados Pre$iado y el Chemical Boy, se vinieron de los Monterreyes hechos unas Magdalenas.<br \/>\nESTRATEGIA<br \/>\nY es que a Pre$iado y al Chemical Boy se les cay\u00f3 la estrategia de salir con la lana de Cadiz en sus bolsillos sin ning\u00fan rasp\u00f3n, ya que sus c\u00f3mplices el Green y la Prieta, ya no les asegurar\u00edan tal cosa aunque quieran.<br \/>\nCADILLO<br \/>\nY pa\u00b4pronto Pre$iado y el Chemical boy echaron a andar la operaci\u00f3n \u201cCadillo entre las pompis\u201d en clara referencia a Tenchis<br \/>\nPREDIAL<br \/>\nUna de las acciones de esta operaci\u00f3n \u201cCadillo entre las pompis\u201d es la de que Pre$iado contrat\u00f3 un despacho de abogados para mandar citatorios amenazantes a todos los que deben el impuesto predial \u00a1en plena campa\u00f1a electoral<br \/>\nVIDEOS<br \/>\n\u00bfY que me dicen que ahora los oficiales hasta se dejan grabar videos de abusos de autoridad en pleno centro a plena luz del d\u00eda?<br \/>\nBICICLETAS<br \/>\n\u00bfY qu\u00e9 les parece que se pongan Pre$iado y su pandilla a levantar bicicletas en la plaza principal para enardecer a la gente?<br \/>\nPACTADITO<br \/>\nAqu\u00ed no hay casualidades y esto est\u00e1 m\u00e1s claro que el agua: Pre$iado est\u00e1 bien pactadito por lo menos con el Green y con la Prieta, s\u00f3lo Tenchis quiere que Pre$iado y su pandilla no se burlen de toda la gente de Cadiz.<br \/>\nLLORIQUEOS<br \/>\nVeremos y diremos en que terminan todos los lloriqueos de Pre$iado y su pandilla en los monterreyes, no creo que le sirvan de mucho, Tenchis se ve decidida a que Pre$iado y su pandilla vayan a mascar barrote y no se burlen del pueblo.<br \/>\nCANDENTE<br \/>\nPor lo pronto se empiezan a calentar las campa\u00f1as, metiendo segunda velocidad, lo que s\u00ed est\u00e1 que arde es el \u00fanico agarr\u00f3n que est\u00e1 candente en este momento; \u00a1Tenchis V.S. Preciado y su pandilla!!!<br \/>\nNI POR ERROR<br \/>\nLa verdad es que a ya casi dos semanas de campa\u00f1a, ni el Green y ni la Prieta han mencionado la palabra Preciado ni por error, \u00a1hasta en los memes que hacen!<br \/>\nLONAS<br \/>\nLos que ya iniciaron una guerra de Lonas son los del Green y los de la Prieta, obvio que los dos dicen que el otro, en fin, calma y nos amanecemos.<br \/>\nLALO LA LONA<br \/>\nEmpiezan a quitarse lonas entre el Green y con la Prieta, ya que mientras unos ponen las lonas, los otros van y las quitan en la noche.<br \/>\nERARIO<br \/>\nSe les olvida que para eso reciben dinero y que ese dinero no es de sus bolsillos, sino que es del pueblo, del alba\u00f1il, del empresario y del campesino al que le quitan sus impuestos para pagar esas lonas.<br \/>\nOLVIDO<br \/>\nPero que sabr\u00e1n esos jijos de su madre patria de respetar los dineros del pueblo, con tal de verse ganados en las pr\u00f3ximas elecciones, claro si se dejan los dem\u00e1s.<br \/>\nLa vemos\u2026<\/p>\n","protected":false},"excerpt":{"rendered":"<p>Por: El Mapache MAPACHA Ando rete enmuinado porque entr\u00e9 a un lugar de cinco letras cuatro y la primera es muda con mi comadre y a la salida que me topo con mi compadre y mi Mapachita Sexy que ya iban de salida. LO CORRECTO Mi compadre me dijo que la situaci\u00f3n era bochornosa y [&hellip;]<\/p>\n","protected":false},"author":9,"featured_media":155,"comment_status":"open","ping_status":"closed","sticky":false,"template":"","format":"standard","meta":{"footnotes":""},"categories":[1],"tags":[1382],"class_list":["post-1572","post","type-post","status-publish","format-standard","has-post-thumbnail","hentry","category-noticias","tag-la-guarida-del-mapache"],"_links":{"self":[{"href":"https:\/\/laultimapalabra.com.mx\/portal\/wp-json\/wp\/v2\/posts\/1572","targetHints":{"allow":["GET"]}}],"collection":[{"href":"https:\/\/laultimapalabra.com.mx\/portal\/wp-json\/wp\/v2\/posts"}],"about":[{"href":"https:\/\/laultimapalabra.com.mx\/portal\/wp-json\/wp\/v2\/types\/post"}],"author":[{"embeddable":true,"href":"https:\/\/laultimapalabra.com.mx\/portal\/wp-json\/wp\/v2\/users\/9"}],"replies":[{"embeddable":true,"href":"https:\/\/laultimapalabra.com.mx\/portal\/wp-json\/wp\/v2\/comments?post=1572"}],"version-history":[{"count":1,"href":"https:\/\/laultimapalabra.com.mx\/portal\/wp-json\/wp\/v2\/posts\/1572\/revisions"}],"predecessor-version":[{"id":63851,"href":"https:\/\/laultimapalabra.com.mx\/portal\/wp-json\/wp\/v2\/posts\/1572\/revisions\/63851"}],"wp:featuredmedia":[{"embeddable":true,"href":"https:\/\/laultimapalabra.com.mx\/portal\/wp-json\/"}],"wp:attachment":[{"href":"https:\/\/laultimapalabra.com.mx\/portal\/wp-json\/wp\/v2\/media?parent=1572"}],"wp:term":[{"taxonomy":"category","embeddable":true,"href":"https:\/\/laultimapalabra.com.mx\/portal\/wp-json\/wp\/v2\/categories?post=1572"},{"taxonomy":"post_tag","embeddable":true,"href":"https:\/\/laultimapalabra.com.mx\/portal\/wp-json\/wp\/v2\/tags?post=1572"}],"curies":[{"name":"wp","href":"https:\/\/api.w.org\/{rel}","templated":true}]}}