                       {"id":15730,"date":"2020-07-20T14:35:20","date_gmt":"2020-07-20T19:35:20","guid":{"rendered":"http:\/\/laultimapalabra.info\/?p=15730"},"modified":"2024-12-11T10:01:18","modified_gmt":"2024-12-11T16:01:18","slug":"perfila-morena-a-mujer-para-gubernatura","status":"publish","type":"post","link":"https:\/\/laultimapalabra.com.mx\/portal\/perfila-morena-a-mujer-para-gubernatura\/","title":{"rendered":"Perfila Morena a mujer para Gubernatura"},"content":{"rendered":"<p><img loading=\"lazy\" decoding=\"async\" class=\"size-medium wp-image-15723 alignleft\" src=\"https:\/\/laultimapalabra.com.mx\/portal\/wp-content\/uploads\/2020\/07\/IMG-20200720-WA0010-300x200.jpg\" alt=\"\" width=\"300\" height=\"200\" srcset=\"https:\/\/laultimapalabra.com.mx\/portal\/wp-content\/uploads\/2020\/07\/IMG-20200720-WA0010-300x200.jpg 300w, https:\/\/laultimapalabra.com.mx\/portal\/wp-content\/uploads\/2020\/07\/IMG-20200720-WA0010-768x512.jpg 768w, https:\/\/laultimapalabra.com.mx\/portal\/wp-content\/uploads\/2020\/07\/IMG-20200720-WA0010.jpg 960w\" sizes=\"auto, (max-width: 300px) 100vw, 300px\" \/>Monterrey, M\u00e9xico (20 julio 2020).- Morena\u00a0tendr\u00e1 una candidata a la Gubernatura en el 2021, afirm\u00f3 ayer Alfonso Ram\u00edrez Cu\u00e9llar, presidente nacional del partido, quien, no obstante, descart\u00f3 dar nombres.<\/p>\n<p>En rueda de prensa a la que asisti\u00f3 Tatiana Clouthier, Diputada federal morenista se\u00f1alada como aspirante a la Gubernatura, el dirigente recalc\u00f3 que, aunque a\u00fan no se integra el comit\u00e9 para definir la selecci\u00f3n, una mujer ser\u00e1 la apuesta.<\/p>\n<p>&#8220;Nos ha quedado claro que Nuevo Le\u00f3n ser\u00e1 gobernado por Morena y ser\u00e1 gobernado por una mujer&#8221;, sostuvo Ram\u00edrez de visita en Monterrey.<\/p>\n<p>&#8220;Va a ser una mujer, se lo aseguro, \u00bfcu\u00e1nto quiere apostar?&#8221;, reiter\u00f3.<\/p>\n<p>&#8220;No porque estemos excluyendo a los hombres&#8221;, explic\u00f3, &#8220;sino porque, igual que en la Ciudad de M\u00e9xico (encabezada por Claudia Sheinbaum), en Nuevo Le\u00f3n para que se gobierne bien y para que haya un cambio, tiene que ser gobernado por una mujer&#8221;.<\/p>\n<p>El dirigente asegur\u00f3 que todav\u00eda no son tiempos de hablar de personajes en espec\u00edfico tras ser cuestionado sobre la posibilidad de que la candidata sea Clouthier o Clara Luz Flores, Alcaldesa de Escobedo.<\/p>\n<p>Flores fue invitada al partido en noviembre por la anterior dirigente nacional de Morena, Yeidckol Polevnsky, que tiene una pugna con Ram\u00edrez.<\/p>\n<p>La Alcaldesa no se ha sumado a Morena desde que renunci\u00f3 al PRI en febrero.<\/p>\n<p>Ram\u00edrez inform\u00f3 ayer que, a petici\u00f3n de Clouthier, ser\u00e1 a principios de agosto cuando la comisi\u00f3n quede integrada y adelant\u00f3 que todos los candidatos saldr\u00e1n de una encuesta.A su vez, Clouthier evadi\u00f3 hablar sobre sus intenciones.<\/p>\n<p>Fuente: El Norte<\/p>\n","protected":false},"excerpt":{"rendered":"<p>Monterrey, M\u00e9xico (20 julio 2020).- Morena\u00a0tendr\u00e1 una candidata a la Gubernatura en el 2021, afirm\u00f3 ayer Alfonso Ram\u00edrez Cu\u00e9llar, presidente nacional del partido, quien, no obstante, descart\u00f3 dar nombres. En rueda de prensa a la que asisti\u00f3 Tatiana Clouthier, Diputada federal morenista se\u00f1alada como aspirante a la Gubernatura, el dirigente recalc\u00f3 que, aunque a\u00fan no [&hellip;]<\/p>\n","protected":false},"author":9,"featured_media":15723,"comment_status":"open","ping_status":"closed","sticky":false,"template":"","format":"standard","meta":{"footnotes":""},"categories":[15],"tags":[2789,1565,2184],"class_list":["post-15730","post","type-post","status-publish","format-standard","has-post-thumbnail","hentry","category-estado","tag-alfonso-ramirez-cuellar","tag-morena-nl","tag-tatiana-clouthier"],"_links":{"self":[{"href":"https:\/\/laultimapalabra.com.mx\/portal\/wp-json\/wp\/v2\/posts\/15730","targetHints":{"allow":["GET"]}}],"collection":[{"href":"https:\/\/laultimapalabra.com.mx\/portal\/wp-json\/wp\/v2\/posts"}],"about":[{"href":"https:\/\/laultimapalabra.com.mx\/portal\/wp-json\/wp\/v2\/types\/post"}],"author":[{"embeddable":true,"href":"https:\/\/laultimapalabra.com.mx\/portal\/wp-json\/wp\/v2\/users\/9"}],"replies":[{"embeddable":true,"href":"https:\/\/laultimapalabra.com.mx\/portal\/wp-json\/wp\/v2\/comments?post=15730"}],"version-history":[{"count":1,"href":"https:\/\/laultimapalabra.com.mx\/portal\/wp-json\/wp\/v2\/posts\/15730\/revisions"}],"predecessor-version":[{"id":71147,"href":"https:\/\/laultimapalabra.com.mx\/portal\/wp-json\/wp\/v2\/posts\/15730\/revisions\/71147"}],"wp:featuredmedia":[{"embeddable":true,"href":"https:\/\/laultimapalabra.com.mx\/portal\/wp-json\/wp\/v2\/media\/15723"}],"wp:attachment":[{"href":"https:\/\/laultimapalabra.com.mx\/portal\/wp-json\/wp\/v2\/media?parent=15730"}],"wp:term":[{"taxonomy":"category","embeddable":true,"href":"https:\/\/laultimapalabra.com.mx\/portal\/wp-json\/wp\/v2\/categories?post=15730"},{"taxonomy":"post_tag","embeddable":true,"href":"https:\/\/laultimapalabra.com.mx\/portal\/wp-json\/wp\/v2\/tags?post=15730"}],"curies":[{"name":"wp","href":"https:\/\/api.w.org\/{rel}","templated":true}]}}